{"id":3389,"date":"2026-01-28T21:34:16","date_gmt":"2026-01-28T21:34:16","guid":{"rendered":"https:\/\/carelli.se\/?p=3389"},"modified":"2026-01-28T21:46:47","modified_gmt":"2026-01-28T21:46:47","slug":"arets-konflikthanterare-finns-pa-carelli-assistans","status":"publish","type":"post","link":"http:\/\/carelli.se\/es\/arets-konflikthanterare-finns-pa-carelli-assistans\/","title":{"rendered":"El Gestor de Conflictos del A\u00f1o est\u00e1 en Carelli Assistans"},"content":{"rendered":"<div id=\"cs-content\" class=\"cs-content\"><div class=\"x-section e3389-e1 m2m5-0\"><div class=\"x-row x-container max width e3389-e2 m2m5-1 m2m5-2\"><div class=\"x-row-inner\"><div class=\"x-col e3389-e3 m2m5-3\"><div class=\"x-text x-content e3389-e4 m2m5-4\"><p>Anneli \u00c5str\u00f6m, Directora General de Carelli Assistans, ha sido nombrada Gestora de Conflictos del A\u00f1o 2025 por el Centro de Mediaci\u00f3n.<\/p>\n<p>El premio se concede a un l\u00edder que asume responsabilidades, demuestra buen juicio y es capaz de perseverar en asuntos dif\u00edciles. El l\u00edder gestiona conflictos en organizaciones complejas y contribuye a un entorno de trabajo sostenible.<\/p>\n<h2>Motivaci\u00f3n del jurado:<\/h2>\n<p>\u201d Anneli \u00c5str\u00f6m recibe el premio <em>Gestor de conflictos del a\u00f1o 2025<\/em>&nbsp;por su valiente y persistente liderazgo en uno de los sectores m\u00e1s complejos y con mayor presi\u00f3n financiera de Suecia: la asistencia personal.<br \/><br \/>En un negocio caracterizado por un f\u00e9rreo control pol\u00edtico, amplias normativas, financiaci\u00f3n insuficiente y elevadas exigencias de calidad y \u00e9tica, Anneli ha asumido una tarea en la que los conflictos no han sido la excepci\u00f3n, sino parte del d\u00eda a d\u00eda. En los \u00faltimos dos a\u00f1os y medio, ha dirigido Carelli Assistans a trav\u00e9s de un proceso de cambio radical: de una econom\u00eda desequilibrada, una organizaci\u00f3n fragmentada y una direcci\u00f3n poco clara a una empresa cohesionada, estable y anclada profesionalmente.<\/p>\n<p>Con claridad, estructura y una clara capacidad de relaci\u00f3n, Anneli ha creado formas comunes de trabajar, aclarado responsabilidades y desarrollado la confianza entre directivos, empleados, clientes y partes interesadas externas. Se ha atrevido a tomar decisiones dif\u00edciles -incluso cuando implicaban riesgos financieros- para defender la sostenibilidad a largo plazo del entorno de trabajo, la calidad y el comportamiento \u00e9tico. En un sector en el que a menudo es necesario transigir, ha demostrado que los principios y la humanidad no est\u00e1n re\u00f1idos, sino que son cruciales para gestionar los conflictos con responsabilidad. Tambi\u00e9n ha demostrado que es posible hacer contraexigencias a los clientes para que la organizaci\u00f3n funcione como se desea.<\/p>\n<p>Anneli se caracteriza por su calma, su presencia y su capacidad de perseverar en situaciones dif\u00edciles. Gestiona los conflictos creando estructura, di\u00e1logo y claridad, incluso cuando las condiciones son m\u00e1s exigentes. Su liderazgo demuestra que el valor en los conflictos no consiste en la confrontaci\u00f3n, sino en la responsabilidad, la direcci\u00f3n y el respeto por las personas y la misi\u00f3n.<\/p>\n<p>Con su trabajo, Anneli ha reforzado su propia organizaci\u00f3n y ha demostrado lo que puede y debe ser el liderazgo profesional en el \u00e1mbito del bienestar. Es una de las merecedoras del premio.&nbsp;<em>Gestor de conflictos del a\u00f1o<\/em>.\u201d<\/p>\n<p>Puede obtener m\u00e1s informaci\u00f3n en el sitio web del Centro de Mediaci\u00f3n: <a href=\"https:\/\/www.medlingscentrum.se\/konflikthantering-blogg-och-artiklar\/nar-ledarskap-kraver-mod-och-riktning-anneli-astrom\">Cuando el liderazgo requiere valor y direcci\u00f3n | Centro de Mediaci\u00f3n<\/a><\/p><\/div><\/div><\/div><\/div><\/div><\/div>","protected":false},"excerpt":{"rendered":"<p>Nuestra Directora General, Anneli \u00c5str\u00f6m, ha sido nombrada Gestora de Conflictos del A\u00f1o 2025. El jurado del Centro de Mediaci\u00f3n rinde homenaje al liderazgo valiente, la claridad y la responsabilidad en la asistencia personal.<\/p>","protected":false},"author":3,"featured_media":3392,"comment_status":"closed","ping_status":"open","sticky":false,"template":"","format":"standard","meta":{"footnotes":""},"categories":[1],"tags":[],"class_list":["post-3389","post","type-post","status-publish","format-standard","has-post-thumbnail","hentry","category-uncategorized"],"_links":{"self":[{"href":"http:\/\/carelli.se\/es\/wp-json\/wp\/v2\/posts\/3389","targetHints":{"allow":["GET"]}}],"collection":[{"href":"http:\/\/carelli.se\/es\/wp-json\/wp\/v2\/posts"}],"about":[{"href":"http:\/\/carelli.se\/es\/wp-json\/wp\/v2\/types\/post"}],"author":[{"embeddable":true,"href":"http:\/\/carelli.se\/es\/wp-json\/wp\/v2\/users\/3"}],"replies":[{"embeddable":true,"href":"http:\/\/carelli.se\/es\/wp-json\/wp\/v2\/comments?post=3389"}],"version-history":[{"count":6,"href":"http:\/\/carelli.se\/es\/wp-json\/wp\/v2\/posts\/3389\/revisions"}],"predecessor-version":[{"id":3398,"href":"http:\/\/carelli.se\/es\/wp-json\/wp\/v2\/posts\/3389\/revisions\/3398"}],"wp:featuredmedia":[{"embeddable":true,"href":"http:\/\/carelli.se\/es\/wp-json\/wp\/v2\/media\/3392"}],"wp:attachment":[{"href":"http:\/\/carelli.se\/es\/wp-json\/wp\/v2\/media?parent=3389"}],"wp:term":[{"taxonomy":"category","embeddable":true,"href":"http:\/\/carelli.se\/es\/wp-json\/wp\/v2\/categories?post=3389"},{"taxonomy":"post_tag","embeddable":true,"href":"http:\/\/carelli.se\/es\/wp-json\/wp\/v2\/tags?post=3389"}],"curies":[{"name":"wp","href":"https:\/\/api.w.org\/{rel}","templated":true}]}}