{"id":2210,"date":"2022-08-08T08:00:00","date_gmt":"2022-08-08T08:00:00","guid":{"rendered":"https:\/\/carelli.se\/?p=2210"},"modified":"2022-08-22T16:38:28","modified_gmt":"2022-08-22T16:38:28","slug":"ny-vd-pa-carelli-assistans","status":"publish","type":"post","link":"https:\/\/carelli.se\/es\/ny-vd-pa-carelli-assistans\/","title":{"rendered":"Nuevo Director General de Carelli Assistance"},"content":{"rendered":"<p>Hola,<\/p>\n\n\n\n<p>Me llamo Anneli \u00c5str\u00f6m y he recibido el honor de desempe\u00f1ar el cargo de Directora General de Carelli a partir del 8 de agosto. Lo espero con ilusi\u00f3n y confianza, ser\u00e1 muy divertido.<\/p>\n\n\n\n<p>He trabajado en el campo de la discapacidad durante casi toda mi vida profesional, con personas que han tenido intervenciones seg\u00fan la LSS, en diferentes funciones a diferentes niveles, en diferentes organizaciones.<\/p>\n\n\n\n<p>Esta \u00e1rea de actividad me toca muy de cerca, porque s\u00e9 que si quienes trabajamos para el grupo destinatario hacemos un buen trabajo, podemos contribuir a marcar la diferencia para el individuo. Estoy absolutamente convencido de que el encuentro personal y las relaciones estrechas son la clave para que tanto los clientes como los empleados est\u00e9n satisfechos. Que quienes estamos alrededor del cliente, de distintas maneras y juntos, nos centremos en sus necesidades y estemos comprometidos, receptivos y disponibles. Que todos los empleados tengan las aptitudes necesarias para el trabajo, y que los supervisores y directivos creen el bienestar y el buen ambiente de trabajo necesarios para que los empleados puedan desempe\u00f1ar sus funciones de la mejor manera posible.<\/p>\n\n\n\n<p>Atentamente<\/p>\n\n\n\n<p>Anneli<\/p>","protected":false},"excerpt":{"rendered":"<p>Hola, Me llamo Anneli \u00c5str\u00f6m y es a m\u00ed a quien se me ha concedido el honor de desempe\u00f1ar el cargo de Directora General de ... <\/p>\n<div><a href=\"https:\/\/carelli.se\/es\/ny-vd-pa-carelli-assistans\/\" class=\"more-link\">Seguir leyendo<\/a><\/div>","protected":false},"author":1,"featured_media":2212,"comment_status":"closed","ping_status":"open","sticky":false,"template":"","format":"standard","meta":{"footnotes":""},"categories":[2],"tags":[],"class_list":["post-2210","post","type-post","status-publish","format-standard","has-post-thumbnail","hentry","category-nyheter"],"_links":{"self":[{"href":"https:\/\/carelli.se\/es\/wp-json\/wp\/v2\/posts\/2210","targetHints":{"allow":["GET"]}}],"collection":[{"href":"https:\/\/carelli.se\/es\/wp-json\/wp\/v2\/posts"}],"about":[{"href":"https:\/\/carelli.se\/es\/wp-json\/wp\/v2\/types\/post"}],"author":[{"embeddable":true,"href":"https:\/\/carelli.se\/es\/wp-json\/wp\/v2\/users\/1"}],"replies":[{"embeddable":true,"href":"https:\/\/carelli.se\/es\/wp-json\/wp\/v2\/comments?post=2210"}],"version-history":[{"count":2,"href":"https:\/\/carelli.se\/es\/wp-json\/wp\/v2\/posts\/2210\/revisions"}],"predecessor-version":[{"id":2216,"href":"https:\/\/carelli.se\/es\/wp-json\/wp\/v2\/posts\/2210\/revisions\/2216"}],"wp:featuredmedia":[{"embeddable":true,"href":"https:\/\/carelli.se\/es\/wp-json\/wp\/v2\/media\/2212"}],"wp:attachment":[{"href":"https:\/\/carelli.se\/es\/wp-json\/wp\/v2\/media?parent=2210"}],"wp:term":[{"taxonomy":"category","embeddable":true,"href":"https:\/\/carelli.se\/es\/wp-json\/wp\/v2\/categories?post=2210"},{"taxonomy":"post_tag","embeddable":true,"href":"https:\/\/carelli.se\/es\/wp-json\/wp\/v2\/tags?post=2210"}],"curies":[{"name":"wp","href":"https:\/\/api.w.org\/{rel}","templated":true}]}}