{"id":2422,"date":"2023-02-21T16:01:25","date_gmt":"2023-02-21T16:01:25","guid":{"rendered":"https:\/\/carelli.se\/?p=2422"},"modified":"2023-10-25T13:38:19","modified_gmt":"2023-10-25T13:38:19","slug":"att-skapa-den-basta-arbetsmiljon-och-ett-hallbart-arbetsliv","status":"publish","type":"post","link":"https:\/\/carelli.se\/es\/att-skapa-den-basta-arbetsmiljon-och-ett-hallbart-arbetsliv\/","title":{"rendered":"Crear el mejor entorno de trabajo y una vida laboral sostenible"},"content":{"rendered":"<p>Parte del Grupo de Gesti\u00f3n, junto con Kommunal Sollefte\u00e5, invit\u00f3 a nuestros asistentes de la zona a una reuni\u00f3n tem\u00e1tica para hablar de un entorno de trabajo sostenible y bueno. R\u00e1pidamente nos dimos cuenta de que tenemos los mismos objetivos generales, entre ellos que todos nuestros asistentes tengan un entorno de trabajo realmente bueno y sostenible, que queremos reforzar la asistencia personal como profesi\u00f3n y que queremos que se aumente la prestaci\u00f3n de asistencia para mejorar la situaci\u00f3n salarial de los asistentes en Suecia y en Carelli.<\/p>\n\n\n\n<p>Esta reuni\u00f3n formaba parte de nuestra responsabilidad conjunta de crear las mejores soluciones posibles de cara al futuro, tanto para nuestros asistentes empleados como para la profesi\u00f3n a nivel nacional.  Nosotros, como empleadores y municipios, somos dos partes diferentes y tenemos perspectivas y misiones distintas. Esto significa que no siempre estamos de acuerdo en las soluciones, pero en Carelli assistans pensamos que es importante que podamos trabajar juntos con respeto y comprendiendo las misiones y oportunidades de cada uno para crear las mejores soluciones.<\/p>\n\n\n\n<p>Carelli Assistans considera importante colaborar con los sindicatos, otras empresas de asistencia y grupos de inter\u00e9s para crear mejores condiciones en el \u00e1mbito de la discapacidad y la asistencia personal, hacer visible lo importante y gratificante que es el trabajo de asistencia personal y reforzar el estatus de la profesi\u00f3n. Por ello, como empleador, nos resulta muy gratificante que tantos de nuestros empleados participen en el sindicato, ya sea en forma de afiliaci\u00f3n, asignaciones sindicales locales, etc.&nbsp;&nbsp;<\/p>\n\n\n\n<p>En Carelli tambi\u00e9n pensamos que el tema de la formaci\u00f3n profesional en la modalidad de Asistencia Personal ser\u00eda interesante y significativo para crear un papel profesional reforzado, pero tambi\u00e9n para fortalecer la asistencia en Suecia. Es algo en lo que esperamos seguir trabajando en el futuro.<\/p>\n\n\n\n<p>Si quiere saber m\u00e1s sobre c\u00f3mo trabajamos en temas de entorno laboral sostenible, p\u00f3ngase en contacto con nosotros en el 0770-17 60 30 o a trav\u00e9s de info@carelli.se y le informaremos.<\/p>\n\n\n\n<p>Aqu\u00ed puede leer m\u00e1s sobre <a href=\"https:\/\/www.kommunal.se\/bransch\/funktionshinder\">Labor de los municipios en el \u00e1mbito de la discapacidad<\/a>.<\/p>","protected":false},"excerpt":{"rendered":"<p>Partes del Grupo de Gesti\u00f3n, junto con Kommunal Sollefte\u00e5, invitaron a nuestros asistentes en la zona a una reuni\u00f3n tem\u00e1tica para hablar ... <\/p>\n<div><a href=\"https:\/\/carelli.se\/es\/att-skapa-den-basta-arbetsmiljon-och-ett-hallbart-arbetsliv\/\" class=\"more-link\">Seguir leyendo<\/a><\/div>","protected":false},"author":2,"featured_media":2399,"comment_status":"closed","ping_status":"open","sticky":false,"template":"","format":"standard","meta":{"footnotes":""},"categories":[32,1],"tags":[],"class_list":["post-2422","post","type-post","status-publish","format-standard","has-post-thumbnail","hentry","category-stockholm","category-uncategorized"],"_links":{"self":[{"href":"https:\/\/carelli.se\/es\/wp-json\/wp\/v2\/posts\/2422","targetHints":{"allow":["GET"]}}],"collection":[{"href":"https:\/\/carelli.se\/es\/wp-json\/wp\/v2\/posts"}],"about":[{"href":"https:\/\/carelli.se\/es\/wp-json\/wp\/v2\/types\/post"}],"author":[{"embeddable":true,"href":"https:\/\/carelli.se\/es\/wp-json\/wp\/v2\/users\/2"}],"replies":[{"embeddable":true,"href":"https:\/\/carelli.se\/es\/wp-json\/wp\/v2\/comments?post=2422"}],"version-history":[{"count":3,"href":"https:\/\/carelli.se\/es\/wp-json\/wp\/v2\/posts\/2422\/revisions"}],"predecessor-version":[{"id":2425,"href":"https:\/\/carelli.se\/es\/wp-json\/wp\/v2\/posts\/2422\/revisions\/2425"}],"wp:featuredmedia":[{"embeddable":true,"href":"https:\/\/carelli.se\/es\/wp-json\/wp\/v2\/media\/2399"}],"wp:attachment":[{"href":"https:\/\/carelli.se\/es\/wp-json\/wp\/v2\/media?parent=2422"}],"wp:term":[{"taxonomy":"category","embeddable":true,"href":"https:\/\/carelli.se\/es\/wp-json\/wp\/v2\/categories?post=2422"},{"taxonomy":"post_tag","embeddable":true,"href":"https:\/\/carelli.se\/es\/wp-json\/wp\/v2\/tags?post=2422"}],"curies":[{"name":"wp","href":"https:\/\/api.w.org\/{rel}","templated":true}]}}