{"id":2427,"date":"2023-03-01T15:42:23","date_gmt":"2023-03-01T15:42:23","guid":{"rendered":"https:\/\/carelli.se\/?p=2427"},"modified":"2023-10-02T14:00:38","modified_gmt":"2023-10-02T14:00:38","slug":"carelli-mot-diskriminering","status":"publish","type":"post","link":"https:\/\/carelli.se\/es\/carelli-mot-diskriminering\/","title":{"rendered":"Carelli contra la discriminaci\u00f3n"},"content":{"rendered":"<p>En relaci\u00f3n con el D\u00eda Internacional contra la Discriminaci\u00f3n, queremos dar a conocer este tema, pero tambi\u00e9n poner de relieve c\u00f3mo trabajamos en Carelli assistans por un lugar de trabajo y una sociedad inclusivos.&nbsp;&nbsp;<\/p>\n\n\n\n<p>Como empleadores, estamos obligados a hacer todo lo posible para contrarrestar y prevenir la discriminaci\u00f3n en el lugar de trabajo. Pero como proveedores de asistencia, tambi\u00e9n tenemos la oportunidad de ayudar a contrarrestar y evitar que nuestros clientes sean objeto de cualquier forma de discriminaci\u00f3n en su vida cotidiana, independientemente de si se trata de su discapacidad, edad, sexo, identidad o expresi\u00f3n transg\u00e9nero, etnia, religi\u00f3n u otras creencias u orientaci\u00f3n sexual...&nbsp;<\/p>\n\n\n\n<p>Desgraciadamente, nuestros clientes se encuentran a veces con la ignorancia de la sociedad. As\u00ed lo describe uno de nuestros clientes:&nbsp;&nbsp;<\/p>\n\n\n\n<p><em>\"A menudo me ignoran cuando voy de compras, si pregunto algo a las personas que trabajan en la tienda no me miran a m\u00ed sino s\u00f3lo a mi ayudante cuando responden. Me siento muy molesta y triste\".<\/em>&nbsp;<\/p>\n\n\n\n<p>En Carelli assistans creemos que como empresa tenemos una obligaci\u00f3n a\u00fan mayor, pero tambi\u00e9n la oportunidad, de trabajar tambi\u00e9n contra la discriminaci\u00f3n en la sociedad y en Suecia, no s\u00f3lo para nuestros clientes o en nuestros lugares de trabajo.&nbsp;&nbsp;<\/p>\n\n\n\n<h2 class=\"wp-block-heading\">Entonces, \u00bfqu\u00e9 estamos haciendo para trabajar por un mundo de igualdad y no discriminaci\u00f3n?&nbsp;&nbsp;<\/h2>\n\n\n\n<p>Como empleador, tenemos tolerancia cero con este tipo de comportamiento y trato, e investigamos inmediatamente todos los incidentes en los que alguien se ha sentido discriminado. Nos preocupamos de abordar las causas del incidente con el objetivo de que todo el mundo tenga derecho a un lugar de trabajo en el que se trate a todos por igual pase lo que pase. Por supuesto, esto tambi\u00e9n se aplica a nuestros clientes, que nunca deben sentirse desfavorecidos u ofendidos, ya sea por injusticia o discriminaci\u00f3n. Animamos a nuestros asistentes y clientes a que hablen si observan que alguien a su alrededor est\u00e1 siendo desfavorecido u ofendido de alguna manera.&nbsp;&nbsp;<\/p>\n\n\n\n<p>A escala mundial, nos interesa colaborar con las partes interesadas que, como nosotros, creen en un mundo igualitario y sin discriminaci\u00f3n. Participamos en mantener vivo el tema y el di\u00e1logo sobre inclusi\u00f3n, igualdad y discriminaci\u00f3n, en parte a trav\u00e9s de nuestros medios sociales, pero tambi\u00e9n en los grupos de trabajo y en los foros de cooperaci\u00f3n.&nbsp;&nbsp;<\/p>\n\n\n\n<h2 class=\"wp-block-heading\">M\u00e1s sobre discriminaci\u00f3n<\/h2>\n\n\n\n<p><strong>Ley contra la discriminaci\u00f3n (2008:567)<\/strong><\/p>\n\n\n\n<p>La Ley de Discriminaci\u00f3n protege a las personas contra la discriminaci\u00f3n en una amplia gama de \u00e1mbitos de la sociedad. En virtud de esta ley, est\u00e1n prohibidas todas las formas de discriminaci\u00f3n.<\/p>\n\n\n\n<h3 class=\"wp-block-heading\">Definici\u00f3n de discriminaci\u00f3n<\/h3>\n\n\n\n<p>Para que algo se defina legalmente como discriminaci\u00f3n:<\/p>\n\n\n\n<ul class=\"wp-block-list\">\n<li>debe tratarse de una persona desfavorecida u ofendida<\/li>\n\n\n\n<li>debe existir un v\u00ednculo con un motivo de discriminaci\u00f3n (el acoso sexual no requiere este v\u00ednculo)<\/li>\n\n\n\n<li>debe tratarse de una de las formas de discriminaci\u00f3n descritas en la ley<\/li>\n\n\n\n<li>debe haber tenido lugar en uno de los \u00e1mbitos de la sociedad en los que se aplica la ley.<\/li>\n<\/ul>\n\n\n\n<p><strong>Los motivos de discriminaci\u00f3n:<\/strong><\/p>\n\n\n\n<ul class=\"wp-block-list\">\n<li>cola<\/li>\n\n\n\n<li>identidad o expresi\u00f3n transg\u00e9nero<\/li>\n\n\n\n<li>etnia<\/li>\n\n\n\n<li>religi\u00f3n u otras creencias<\/li>\n\n\n\n<li>discapacidad<\/li>\n\n\n\n<li>orientaci\u00f3n sexual<\/li>\n\n\n\n<li>edad<\/li>\n<\/ul>\n\n\n\n<p><strong>Seis formas diferentes de discriminaci\u00f3n:<\/strong><\/p>\n\n\n\n<ul class=\"wp-block-list\">\n<li>discriminaci\u00f3n directa<\/li>\n\n\n\n<li>discriminaci\u00f3n indirecta<\/li>\n\n\n\n<li>falta de disponibilidad<\/li>\n\n\n\n<li>acoso y acoso sexual<\/li>\n\n\n\n<li>instrucciones para discriminar<\/li>\n<\/ul>\n\n\n\n<p><strong>Ejemplos de \u00e1mbitos de la sociedad en los que la Ley contra la Discriminaci\u00f3n ofrece protecci\u00f3n:<\/strong><\/p>\n\n\n\n<ul class=\"wp-block-list\">\n<li>En el trabajo<\/li>\n\n\n\n<li>En la escuela<\/li>\n\n\n\n<li>La actuaci\u00f3n de determinados agentes sociales, por ejemplo, arrendadores, bancos, seguridad social, servicios de empleo, centros sanitarios.<\/li>\n<\/ul>\n\n\n\n<h2 class=\"wp-block-heading\">\u00bfQu\u00e9 no es discriminaci\u00f3n?<\/h2>\n\n\n\n<p>Si se trata de una desventaja o infracci\u00f3n que no est\u00e1 relacionada con un motivo de discriminaci\u00f3n, no es discriminaci\u00f3n. La excepci\u00f3n es el acoso sexual, que no requiere relaci\u00f3n con un motivo de discriminaci\u00f3n.<\/p>\n\n\n\n<p>La Ley contra la Discriminaci\u00f3n no regula todos los \u00e1mbitos de la sociedad, ni lo que ocurre entre particulares. El contenido de la publicidad, la televisi\u00f3n, la radio, los medios sociales y los peri\u00f3dicos tampoco est\u00e1 cubierto por la prohibici\u00f3n de discriminaci\u00f3n. En estos \u00e1mbitos hay otras leyes y normas que establecen l\u00edmites y ofrecen protecci\u00f3n.<\/p>\n\n\n\n<p><strong>Puede leer m\u00e1s sobre qu\u00e9 es la discriminaci\u00f3n aqu\u00ed:<\/strong><\/p>\n\n\n\n<p>Defensor del Pueblo contra la discriminaci\u00f3n: <a href=\"https:\/\/www.do.se\/diskriminering\/vad-ar-diskriminering\">\u00bfQu\u00e9 es la discriminaci\u00f3n?<\/a><\/p>\n\n\n\n<p>Para ver el texto completo de la ley <a href=\"https:\/\/www.riksdagen.se\/sv\/dokument-lagar\/dokument\/svensk-forfattningssamling\/diskrimineringslag-2008567_sfs-2008-567\">pulse aqu\u00ed<\/a><\/p>","protected":false},"excerpt":{"rendered":"<p>En relaci\u00f3n con el D\u00eda Internacional contra la Discriminaci\u00f3n, queremos dar a conocer este tema, pero tambi\u00e9n poner de relieve c\u00f3mo trabajamos en Carelli assistans por un lugar de trabajo y una sociedad inclusivos.<\/p>","protected":false},"author":2,"featured_media":2428,"comment_status":"closed","ping_status":"open","sticky":false,"template":"","format":"standard","meta":{"footnotes":""},"categories":[1],"tags":[],"class_list":["post-2427","post","type-post","status-publish","format-standard","has-post-thumbnail","hentry","category-uncategorized"],"_links":{"self":[{"href":"https:\/\/carelli.se\/es\/wp-json\/wp\/v2\/posts\/2427","targetHints":{"allow":["GET"]}}],"collection":[{"href":"https:\/\/carelli.se\/es\/wp-json\/wp\/v2\/posts"}],"about":[{"href":"https:\/\/carelli.se\/es\/wp-json\/wp\/v2\/types\/post"}],"author":[{"embeddable":true,"href":"https:\/\/carelli.se\/es\/wp-json\/wp\/v2\/users\/2"}],"replies":[{"embeddable":true,"href":"https:\/\/carelli.se\/es\/wp-json\/wp\/v2\/comments?post=2427"}],"version-history":[{"count":2,"href":"https:\/\/carelli.se\/es\/wp-json\/wp\/v2\/posts\/2427\/revisions"}],"predecessor-version":[{"id":2430,"href":"https:\/\/carelli.se\/es\/wp-json\/wp\/v2\/posts\/2427\/revisions\/2430"}],"wp:featuredmedia":[{"embeddable":true,"href":"https:\/\/carelli.se\/es\/wp-json\/wp\/v2\/media\/2428"}],"wp:attachment":[{"href":"https:\/\/carelli.se\/es\/wp-json\/wp\/v2\/media?parent=2427"}],"wp:term":[{"taxonomy":"category","embeddable":true,"href":"https:\/\/carelli.se\/es\/wp-json\/wp\/v2\/categories?post=2427"},{"taxonomy":"post_tag","embeddable":true,"href":"https:\/\/carelli.se\/es\/wp-json\/wp\/v2\/tags?post=2427"}],"curies":[{"name":"wp","href":"https:\/\/api.w.org\/{rel}","templated":true}]}}