{"id":2483,"date":"2023-04-20T07:57:37","date_gmt":"2023-04-20T07:57:37","guid":{"rendered":"https:\/\/carelli.se\/?p=2483"},"modified":"2023-09-29T10:38:35","modified_gmt":"2023-09-29T10:38:35","slug":"carelli-assistans-blir-ifa-supporter","status":"publish","type":"post","link":"https:\/\/carelli.se\/es\/carelli-assistans-blir-ifa-supporter\/","title":{"rendered":"Carelli Assistans se convierte en colaborador de IfA."},"content":{"rendered":"<p>Carelli Assistans se enorgullece de formar parte de la red de proveedores de asistencia IfA. El objetivo de la red es reforzar el desarrollo de la asistencia personal, desde la perspectiva del usuario de la asistencia. Para ser aprobado como colaborador de IfA, el proveedor de asistencia debe cumplir las condiciones que IfA considera importantes para dirigir una asistencia personal profesional.<\/p>\n\n\n\n<p>M\u00e1s informaci\u00f3n sobre IfA <a href=\"https:\/\/www.intressegruppen.info\/\">aqu\u00ed.<\/a><\/p>\n\n\n\n<figure class=\"wp-block-image size-full is-resized\"><img loading=\"lazy\" decoding=\"async\" src=\"https:\/\/carelli.se\/wp-content\/uploads\/2023\/04\/IfA-1.png\" alt=\"\" class=\"wp-image-2486\" width=\"613\" height=\"365\" srcset=\"https:\/\/carelli.se\/wp-content\/uploads\/2023\/04\/IfA-1.png 492w, https:\/\/carelli.se\/wp-content\/uploads\/2023\/04\/IfA-1-300x179.png 300w, https:\/\/carelli.se\/wp-content\/uploads\/2023\/04\/IfA-1-100x60.png 100w\" sizes=\"auto, (max-width: 613px) 100vw, 613px\" \/><\/figure>\n\n\n\n<h2 class=\"wp-block-heading\"><em>Datos sobre el IfA<\/em><\/h2>\n\n\n\n<p>IfA es una organizaci\u00f3n sin \u00e1nimo de lucro para personas con derecho a asistencia, que cuenta actualmente con 600 miembros. IfA trabaja para desarrollar y reforzar el derecho a la asistencia personal de las personas con discapacidad. Esto se hace en un amplio frente, que incluye el trabajo de defensa\/pol\u00edtica de intereses, pero tambi\u00e9n el apoyo a miembros individuales, el desarrollo de capacidades, el intercambio de experiencias y la formaci\u00f3n.<\/p>\n\n\n\n<p><\/p>","protected":false},"excerpt":{"rendered":"<p>Carelli Assistans se enorgullece de formar parte de la red de proveedores de asistencia IfA. El objetivo de la red es reforzar el desarrollo de la... <\/p>\n<div><a href=\"https:\/\/carelli.se\/es\/carelli-assistans-blir-ifa-supporter\/\" class=\"more-link\">Seguir leyendo<\/a><\/div>","protected":false},"author":2,"featured_media":2484,"comment_status":"closed","ping_status":"open","sticky":false,"template":"","format":"standard","meta":{"footnotes":""},"categories":[2],"tags":[],"class_list":["post-2483","post","type-post","status-publish","format-standard","has-post-thumbnail","hentry","category-nyheter"],"_links":{"self":[{"href":"https:\/\/carelli.se\/es\/wp-json\/wp\/v2\/posts\/2483","targetHints":{"allow":["GET"]}}],"collection":[{"href":"https:\/\/carelli.se\/es\/wp-json\/wp\/v2\/posts"}],"about":[{"href":"https:\/\/carelli.se\/es\/wp-json\/wp\/v2\/types\/post"}],"author":[{"embeddable":true,"href":"https:\/\/carelli.se\/es\/wp-json\/wp\/v2\/users\/2"}],"replies":[{"embeddable":true,"href":"https:\/\/carelli.se\/es\/wp-json\/wp\/v2\/comments?post=2483"}],"version-history":[{"count":1,"href":"https:\/\/carelli.se\/es\/wp-json\/wp\/v2\/posts\/2483\/revisions"}],"predecessor-version":[{"id":2487,"href":"https:\/\/carelli.se\/es\/wp-json\/wp\/v2\/posts\/2483\/revisions\/2487"}],"wp:featuredmedia":[{"embeddable":true,"href":"https:\/\/carelli.se\/es\/wp-json\/wp\/v2\/media\/2484"}],"wp:attachment":[{"href":"https:\/\/carelli.se\/es\/wp-json\/wp\/v2\/media?parent=2483"}],"wp:term":[{"taxonomy":"category","embeddable":true,"href":"https:\/\/carelli.se\/es\/wp-json\/wp\/v2\/categories?post=2483"},{"taxonomy":"post_tag","embeddable":true,"href":"https:\/\/carelli.se\/es\/wp-json\/wp\/v2\/tags?post=2483"}],"curies":[{"name":"wp","href":"https:\/\/api.w.org\/{rel}","templated":true}]}}