{"id":2698,"date":"2023-09-25T05:43:39","date_gmt":"2023-09-25T05:43:39","guid":{"rendered":"https:\/\/carelli.se\/?p=2698"},"modified":"2023-09-25T05:43:39","modified_gmt":"2023-09-25T05:43:39","slug":"hur-forberedd-ar-du-om-krisen-kommer","status":"publish","type":"post","link":"https:\/\/carelli.se\/es\/hur-forberedd-ar-du-om-krisen-kommer\/","title":{"rendered":"\u00bfC\u00f3mo de preparado est\u00e1s si llega la crisis?\u00a0"},"content":{"rendered":"<p>Esta semana celebramos la Semana de la Preparaci\u00f3n. Se trata de una campa\u00f1a anual de informaci\u00f3n para concienciar a los particulares sobre la preparaci\u00f3n ante las crisis. La Semana de la Preparaci\u00f3n forma parte del trabajo para reforzar la preparaci\u00f3n ante las crisis y la defensa total de Suecia.  Es una semana para pararse, pensar y planificar ante diferentes emergencias.<\/p>\n\n\n\n<p>La palabra crisis evoca diferentes asociaciones dependiendo de qui\u00e9n se sea. Seg\u00fan la MSB, una crisis es un acontecimiento en tiempos de paz que amenaza funciones y valores b\u00e1sicos, como el suministro el\u00e9ctrico, y afecta a un gran n\u00famero de personas. Tambi\u00e9n hay crisis personales, a las que todos nos enfrentamos en la vida cuando nos suceden acontecimientos dif\u00edciles. Por ejemplo, cuando fallece un ser querido.<\/p>\n\n\n\n<p>En el campo de la asistencia hay crisis grandes y peque\u00f1as. Para el usuario de asistencia, una ola de fr\u00edo puede causar estragos y dejar fuera de combate a todo un equipo de asistentes, creando una crisis. Lo m\u00e1s importante es que el usuario de asistencia, el proveedor de asistencia y el asistente formen un equipo capaz de hacer frente a las crisis que surjan.<\/p>\n\n\n\n<p>El tema de la semana de preparaci\u00f3n de este a\u00f1o es \"Practicar\". Practicar es algo que todos debemos hacer en caso de crisis. Puede consistir en pensar en distintos escenarios para asegurarnos de que tenemos todo lo necesario en casa para afrontarlos. Por ejemplo: \u00bfqu\u00e9 hacer si se va la luz?<\/p>\n\n\n\n<p>Uno de los preparativos que hemos hecho en nuestra organizaci\u00f3n es que los responsables de zona, los responsables de calidad y los asistentes han asistido a un taller sobre crisis organizado por el IFA (grupo de inter\u00e9s para las personas con derecho a asistencia).<\/p>\n\n\n\n<div class=\"wp-block-columns is-layout-flex wp-container-core-columns-is-layout-9d6595d7 wp-block-columns-is-layout-flex\">\n<div class=\"wp-block-column is-layout-flow wp-block-column-is-layout-flow\" style=\"flex-basis:100%\">\n<figure class=\"wp-block-image size-full\"><img loading=\"lazy\" decoding=\"async\" width=\"768\" height=\"1024\" src=\"https:\/\/carelli.se\/wp-content\/uploads\/2023\/09\/MicrosoftTeams-image-3.jpg\" alt=\"\" class=\"wp-image-2700\" srcset=\"https:\/\/carelli.se\/wp-content\/uploads\/2023\/09\/MicrosoftTeams-image-3.jpg 768w, https:\/\/carelli.se\/wp-content\/uploads\/2023\/09\/MicrosoftTeams-image-3-225x300.jpg 225w, https:\/\/carelli.se\/wp-content\/uploads\/2023\/09\/MicrosoftTeams-image-3-100x133.jpg 100w\" sizes=\"auto, (max-width: 768px) 100vw, 768px\" \/><\/figure>\n<\/div>\n<\/div>\n\n\n\n<p><\/p>","protected":false},"excerpt":{"rendered":"<p>Esta semana celebramos la Semana de la Preparaci\u00f3n. Se trata de una campa\u00f1a anual de informaci\u00f3n para concienciar a los ciudadanos sobre la preparaci\u00f3n ante emergencias. La Semana de la Preparaci\u00f3n ... <\/p>\n<div><a href=\"https:\/\/carelli.se\/es\/hur-forberedd-ar-du-om-krisen-kommer\/\" class=\"more-link\">Seguir leyendo<\/a><\/div>","protected":false},"author":2,"featured_media":2701,"comment_status":"closed","ping_status":"open","sticky":false,"template":"","format":"standard","meta":{"footnotes":""},"categories":[1],"tags":[],"class_list":["post-2698","post","type-post","status-publish","format-standard","has-post-thumbnail","hentry","category-uncategorized"],"_links":{"self":[{"href":"https:\/\/carelli.se\/es\/wp-json\/wp\/v2\/posts\/2698","targetHints":{"allow":["GET"]}}],"collection":[{"href":"https:\/\/carelli.se\/es\/wp-json\/wp\/v2\/posts"}],"about":[{"href":"https:\/\/carelli.se\/es\/wp-json\/wp\/v2\/types\/post"}],"author":[{"embeddable":true,"href":"https:\/\/carelli.se\/es\/wp-json\/wp\/v2\/users\/2"}],"replies":[{"embeddable":true,"href":"https:\/\/carelli.se\/es\/wp-json\/wp\/v2\/comments?post=2698"}],"version-history":[{"count":2,"href":"https:\/\/carelli.se\/es\/wp-json\/wp\/v2\/posts\/2698\/revisions"}],"predecessor-version":[{"id":2703,"href":"https:\/\/carelli.se\/es\/wp-json\/wp\/v2\/posts\/2698\/revisions\/2703"}],"wp:featuredmedia":[{"embeddable":true,"href":"https:\/\/carelli.se\/es\/wp-json\/wp\/v2\/media\/2701"}],"wp:attachment":[{"href":"https:\/\/carelli.se\/es\/wp-json\/wp\/v2\/media?parent=2698"}],"wp:term":[{"taxonomy":"category","embeddable":true,"href":"https:\/\/carelli.se\/es\/wp-json\/wp\/v2\/categories?post=2698"},{"taxonomy":"post_tag","embeddable":true,"href":"https:\/\/carelli.se\/es\/wp-json\/wp\/v2\/tags?post=2698"}],"curies":[{"name":"wp","href":"https:\/\/api.w.org\/{rel}","templated":true}]}}