{"id":2798,"date":"2023-12-08T16:34:00","date_gmt":"2023-12-08T16:34:00","guid":{"rendered":"https:\/\/carelli.se\/?p=2798"},"modified":"2023-12-11T08:49:17","modified_gmt":"2023-12-11T08:49:17","slug":"internationella-dagen-for-manskliga-rattigheter","status":"publish","type":"post","link":"https:\/\/carelli.se\/es\/internationella-dagen-for-manskliga-rattigheter\/","title":{"rendered":"D\u00eda Internacional de los Derechos Humanos"},"content":{"rendered":"<p>El D\u00eda Internacional de los Derechos Humanos se celebra el 10 de diciembre de cada a\u00f1o. Es un d\u00eda para<br>Presta atenci\u00f3n a la Declaraci\u00f3n de Derechos Humanos de la ONU. Los derechos humanos se aplican a todos,<br>independientemente de su pa\u00eds, origen, cultura, religi\u00f3n o discapacidad. La Declaraci\u00f3n de la ONU se adopt\u00f3 el 10 de<br>diciembre de 1948 por la Asamblea General de la ONU. Su creaci\u00f3n se bas\u00f3 en el hecho de que tras la Segunda Guerra Mundial<br>hab\u00eda una firme voluntad, a nivel internacional, de llegar a un acuerdo sobre los derechos que se consideraban<br>ser universal, que no ser\u00eda negociable. La declaraci\u00f3n consta de 30 art\u00edculos. Muchos de ellos<br>constituyen la base de la legislaci\u00f3n internacional sobre derechos humanos.<\/p>\n\n\n\n<p>Es un d\u00eda importante para reconocer las violaciones de los derechos humanos en todo el mundo.<br>La gente huye de la guerra, es violada por su orientaci\u00f3n sexual y su expresi\u00f3n de g\u00e9nero, es perseguida...<br>por su religi\u00f3n o sus convicciones pol\u00edticas. Es s\u00f3lo una parte.<\/p>\n\n\n\n<p>La visi\u00f3n de Carelli es: <\/p>\n\n\n\n<p> \"<em>Velar por un futuro sostenible y seguro para las personas y la sociedad<\/em>\"<\/p>\n\n\n\n<p><br>La asistencia personalizada es una herramienta importante para que las personas con necesidades asistenciales puedan<br>participar en la vida de la comunidad como cualquier otra persona. Carelli Assistans tiene contratos directamente con las personas con derecho a asistencia<br>sino tambi\u00e9n con los municipios para que presten su asistencia. En la actualidad, Carelli presta asistencia<br>a algo m\u00e1s de 80 personas y emplea a unas 500 personas. Carelli cree que los asistentes personales son<br>el recurso m\u00e1s importante y el entorno de trabajo debe ser sostenible para que los asistentes hagan un<br>un buen trabajo para los beneficiarios de Carelli, sino tambi\u00e9n para su propio bienestar.<br>Carelli tambi\u00e9n ha optado por colaborar con Ifa, apoyando as\u00ed la asistencia personalizada.<br>creencias fundamentales, centradas en la autodeterminaci\u00f3n, la participaci\u00f3n, la igualdad, la elecci\u00f3n y la privacidad. <\/p>\n\n\n\n<p><strong>Defienda estos valores.<\/strong><\/p>\n\n\n<div class=\"wp-block-image\">\n<figure class=\"aligncenter size-full\"><img loading=\"lazy\" decoding=\"async\" width=\"605\" height=\"605\" src=\"https:\/\/carelli.se\/wp-content\/uploads\/2023\/12\/Carelle-1.png\" alt=\"\" class=\"wp-image-2799\" srcset=\"https:\/\/carelli.se\/wp-content\/uploads\/2023\/12\/Carelle-1.png 605w, https:\/\/carelli.se\/wp-content\/uploads\/2023\/12\/Carelle-1-300x300.png 300w, https:\/\/carelli.se\/wp-content\/uploads\/2023\/12\/Carelle-1-150x150.png 150w, https:\/\/carelli.se\/wp-content\/uploads\/2023\/12\/Carelle-1-100x100.png 100w\" sizes=\"auto, (max-width: 605px) 100vw, 605px\" \/><\/figure>\n<\/div>","protected":false},"excerpt":{"rendered":"<p>El D\u00eda Internacional de los Derechos Humanos se celebra el 10 de diciembre de cada a\u00f1o. Es un d\u00eda de reconocimiento de la Declaraci\u00f3n de las Naciones Unidas de... <\/p>\n<div><a href=\"https:\/\/carelli.se\/es\/internationella-dagen-for-manskliga-rattigheter\/\" class=\"more-link\">Seguir leyendo<\/a><\/div>","protected":false},"author":2,"featured_media":2802,"comment_status":"closed","ping_status":"open","sticky":false,"template":"","format":"standard","meta":{"footnotes":""},"categories":[2],"tags":[],"class_list":["post-2798","post","type-post","status-publish","format-standard","has-post-thumbnail","hentry","category-nyheter"],"_links":{"self":[{"href":"https:\/\/carelli.se\/es\/wp-json\/wp\/v2\/posts\/2798","targetHints":{"allow":["GET"]}}],"collection":[{"href":"https:\/\/carelli.se\/es\/wp-json\/wp\/v2\/posts"}],"about":[{"href":"https:\/\/carelli.se\/es\/wp-json\/wp\/v2\/types\/post"}],"author":[{"embeddable":true,"href":"https:\/\/carelli.se\/es\/wp-json\/wp\/v2\/users\/2"}],"replies":[{"embeddable":true,"href":"https:\/\/carelli.se\/es\/wp-json\/wp\/v2\/comments?post=2798"}],"version-history":[{"count":2,"href":"https:\/\/carelli.se\/es\/wp-json\/wp\/v2\/posts\/2798\/revisions"}],"predecessor-version":[{"id":2804,"href":"https:\/\/carelli.se\/es\/wp-json\/wp\/v2\/posts\/2798\/revisions\/2804"}],"wp:featuredmedia":[{"embeddable":true,"href":"https:\/\/carelli.se\/es\/wp-json\/wp\/v2\/media\/2802"}],"wp:attachment":[{"href":"https:\/\/carelli.se\/es\/wp-json\/wp\/v2\/media?parent=2798"}],"wp:term":[{"taxonomy":"category","embeddable":true,"href":"https:\/\/carelli.se\/es\/wp-json\/wp\/v2\/categories?post=2798"},{"taxonomy":"post_tag","embeddable":true,"href":"https:\/\/carelli.se\/es\/wp-json\/wp\/v2\/tags?post=2798"}],"curies":[{"name":"wp","href":"https:\/\/api.w.org\/{rel}","templated":true}]}}