{"id":2210,"date":"2022-08-08T08:00:00","date_gmt":"2022-08-08T08:00:00","guid":{"rendered":"https:\/\/carelli.se\/?p=2210"},"modified":"2022-08-22T16:38:28","modified_gmt":"2022-08-22T16:38:28","slug":"ny-vd-pa-carelli-assistans","status":"publish","type":"post","link":"https:\/\/carelli.se\/fi\/ny-vd-pa-carelli-assistans\/","title":{"rendered":"Carellin avustustoiminnan uusi toimitusjohtaja"},"content":{"rendered":"<p>Hei,<\/p>\n\n\n\n<p>Nimeni on Anneli \u00c5str\u00f6m, ja minulle on annettu kunnia toimia Carellin toimitusjohtajana 8. elokuuta alkaen. Odotan sit\u00e4 j\u00e4nnittyneen\u00e4 ja luottavaisena, siit\u00e4 tulee eritt\u00e4in hauskaa.<\/p>\n\n\n\n<p>Olen ty\u00f6skennellyt vammaisalalla l\u00e4hes koko ty\u00f6el\u00e4m\u00e4ni ajan sellaisten ihmisten parissa, joille on tehty LSS-menetelm\u00e4n mukaisia toimenpiteit\u00e4, eri teht\u00e4viss\u00e4, eri tasoilla ja eri organisaatioissa.<\/p>\n\n\n\n<p>T\u00e4m\u00e4 toiminta-alue on l\u00e4hell\u00e4 syd\u00e4nt\u00e4ni, koska tied\u00e4n, ett\u00e4 jos me, jotka ty\u00f6skentelemme kohderyhm\u00e4n parissa, teemme hyv\u00e4\u00e4 ty\u00f6t\u00e4, voimme auttaa yksil\u00f6\u00e4 parantamaan tilannetta. Olen t\u00e4ysin vakuuttunut siit\u00e4, ett\u00e4 henkil\u00f6kohtainen kohtaaminen ja l\u00e4heiset suhteet ovat avain tyytyv\u00e4isiin asiakkaisiin ja ty\u00f6ntekij\u00f6ihin. Ett\u00e4 me, jotka olemme asiakkaan ymp\u00e4rill\u00e4 eri tavoin ja yhdess\u00e4, keskitymme asiakkaan tarpeisiin ja olemme sitoutuneita, reagoivia ja k\u00e4ytett\u00e4viss\u00e4. Ett\u00e4 kaikilla ty\u00f6ntekij\u00f6ill\u00e4 on ty\u00f6n edellytt\u00e4m\u00e4t taidot ja ett\u00e4 esimiehet ja johtajat luovat hyvinvointia ja hyv\u00e4n ty\u00f6ymp\u00e4rist\u00f6n, jota ty\u00f6ntekij\u00e4t tarvitsevat voidakseen hoitaa teht\u00e4v\u00e4ns\u00e4 parhaalla mahdollisella tavalla.<\/p>\n\n\n\n<p>Yst\u00e4v\u00e4llisin terveisin<\/p>\n\n\n\n<p>Anneli<\/p>","protected":false},"excerpt":{"rendered":"<p>Hei, Nimeni on Anneli \u00c5str\u00f6m, ja minulle on annettu kunnia hoitaa toimitusjohtajan teht\u00e4v\u00e4\u00e4 ... <\/p>\n<div><a href=\"https:\/\/carelli.se\/fi\/ny-vd-pa-carelli-assistans\/\" class=\"more-link\">Lue lis\u00e4\u00e4<\/a><\/div>","protected":false},"author":1,"featured_media":2212,"comment_status":"closed","ping_status":"open","sticky":false,"template":"","format":"standard","meta":{"footnotes":""},"categories":[2],"tags":[],"class_list":["post-2210","post","type-post","status-publish","format-standard","has-post-thumbnail","hentry","category-nyheter"],"_links":{"self":[{"href":"https:\/\/carelli.se\/fi\/wp-json\/wp\/v2\/posts\/2210","targetHints":{"allow":["GET"]}}],"collection":[{"href":"https:\/\/carelli.se\/fi\/wp-json\/wp\/v2\/posts"}],"about":[{"href":"https:\/\/carelli.se\/fi\/wp-json\/wp\/v2\/types\/post"}],"author":[{"embeddable":true,"href":"https:\/\/carelli.se\/fi\/wp-json\/wp\/v2\/users\/1"}],"replies":[{"embeddable":true,"href":"https:\/\/carelli.se\/fi\/wp-json\/wp\/v2\/comments?post=2210"}],"version-history":[{"count":2,"href":"https:\/\/carelli.se\/fi\/wp-json\/wp\/v2\/posts\/2210\/revisions"}],"predecessor-version":[{"id":2216,"href":"https:\/\/carelli.se\/fi\/wp-json\/wp\/v2\/posts\/2210\/revisions\/2216"}],"wp:featuredmedia":[{"embeddable":true,"href":"https:\/\/carelli.se\/fi\/wp-json\/wp\/v2\/media\/2212"}],"wp:attachment":[{"href":"https:\/\/carelli.se\/fi\/wp-json\/wp\/v2\/media?parent=2210"}],"wp:term":[{"taxonomy":"category","embeddable":true,"href":"https:\/\/carelli.se\/fi\/wp-json\/wp\/v2\/categories?post=2210"},{"taxonomy":"post_tag","embeddable":true,"href":"https:\/\/carelli.se\/fi\/wp-json\/wp\/v2\/tags?post=2210"}],"curies":[{"name":"wp","href":"https:\/\/api.w.org\/{rel}","templated":true}]}}