{"id":2422,"date":"2023-02-21T16:01:25","date_gmt":"2023-02-21T16:01:25","guid":{"rendered":"https:\/\/carelli.se\/?p=2422"},"modified":"2023-10-25T13:38:19","modified_gmt":"2023-10-25T13:38:19","slug":"att-skapa-den-basta-arbetsmiljon-och-ett-hallbart-arbetsliv","status":"publish","type":"post","link":"https:\/\/carelli.se\/fi\/att-skapa-den-basta-arbetsmiljon-och-ett-hallbart-arbetsliv\/","title":{"rendered":"Parhaan ty\u00f6ymp\u00e4rist\u00f6n ja kest\u00e4v\u00e4n ty\u00f6el\u00e4m\u00e4n luominen"},"content":{"rendered":"<p>Osa johtoryhm\u00e4st\u00e4 kutsui yhdess\u00e4 Kommunal Sollefte\u00e5n kanssa alueen avustajamme teemakokoukseen, jossa keskusteltiin kest\u00e4v\u00e4st\u00e4 ja hyv\u00e4st\u00e4 ty\u00f6ymp\u00e4rist\u00f6st\u00e4. Huomasimme nopeasti, ett\u00e4 meill\u00e4 on samat yleiset tavoitteet, muun muassa se, ett\u00e4 kaikilla avustajillamme pit\u00e4isi olla todella hyv\u00e4 ja kest\u00e4v\u00e4 ty\u00f6ymp\u00e4rist\u00f6, ett\u00e4 haluamme vahvistaa henkil\u00f6kohtaista avustamista ammattina ja ett\u00e4 haluamme, ett\u00e4 avustajakorvausta korotetaan avustajien palkkatilanteen parantamiseksi Ruotsissa ja Carellissa.<\/p>\n\n\n\n<p>T\u00e4m\u00e4 kokous oli osa yhteist\u00e4 vastuutamme parhaiden mahdollisten ratkaisujen luomiseksi sek\u00e4 palkattujen avustajiemme ett\u00e4 koko ammattikunnan kannalta.  Me ty\u00f6nantajina ja kunnat olemme kaksi eri osapuolta, ja meill\u00e4 molemmilla on erilaiset n\u00e4k\u00f6kulmat ja teht\u00e4v\u00e4t. T\u00e4m\u00e4 tarkoittaa sit\u00e4, ett\u00e4 emme aina ole samaa mielt\u00e4 ratkaisuista, mutta me Carelli assistansissa pid\u00e4mme t\u00e4rke\u00e4n\u00e4, ett\u00e4 voimme ty\u00f6skennell\u00e4 yhdess\u00e4 kunnioittaen ja ymm\u00e4rt\u00e4en toistemme teht\u00e4vi\u00e4 ja mahdollisuuksia parhaiden ratkaisujen luomiseksi.<\/p>\n\n\n\n<p>Carelli Assistans pit\u00e4\u00e4 t\u00e4rke\u00e4n\u00e4 tehd\u00e4 yhteisty\u00f6t\u00e4 ammattiyhdistysten, muiden avustusyritysten ja eturyhmien kanssa, jotta voidaan luoda paremmat olosuhteet vammais- ja henkil\u00f6kohtaisen avun alalle, tehd\u00e4 n\u00e4kyv\u00e4ksi, miten t\u00e4rke\u00e4\u00e4 ja palkitsevaa henkil\u00f6kohtainen apu on, ja vahvistaa ammatin asemaa. Ty\u00f6nantajana pid\u00e4mme siksi eritt\u00e4in ilahduttavana sit\u00e4, ett\u00e4 niin monet ty\u00f6ntekij\u00e4mme ovat mukana ammattiliitossa, olipa kyse sitten j\u00e4senyydest\u00e4, paikallisyhdistysteht\u00e4vist\u00e4 jne.&nbsp;&nbsp;<\/p>\n\n\n\n<p>Me Carellissa olemme my\u00f6s sit\u00e4 mielt\u00e4, ett\u00e4 ammatillinen koulutus henkil\u00f6kohtaisen avun muodossa olisi mielenkiintoista ja merkitt\u00e4v\u00e4\u00e4, jotta voitaisiin luoda vahvempi ammatillinen rooli mutta my\u00f6s vahvistaa apua Ruotsissa. Toivomme voivamme jatkaa t\u00e4t\u00e4 asiaa tulevaisuudessa.<\/p>\n\n\n\n<p>Jos haluat tiet\u00e4\u00e4 lis\u00e4\u00e4 siit\u00e4, miten ty\u00f6skentelemme kest\u00e4v\u00e4n ty\u00f6ymp\u00e4rist\u00f6n parissa, ota yhteytt\u00e4 numeroon 0770-17 60 30 tai osoitteeseen info@carelli.se, niin kerromme lis\u00e4\u00e4.<\/p>\n\n\n\n<p>T\u00e4\u00e4lt\u00e4 voit lukea lis\u00e4\u00e4 <a href=\"https:\/\/www.kommunal.se\/bransch\/funktionshinder\">Kuntien ty\u00f6 vammaisasioiden alalla<\/a>.<\/p>","protected":false},"excerpt":{"rendered":"<p>Osa johtoryhm\u00e4st\u00e4 kutsui yhdess\u00e4 Kommunal Sollefte\u00e5n kanssa alueella ty\u00f6skentelev\u00e4t avustajamme teemakokoukseen keskustelemaan ... <\/p>\n<div><a href=\"https:\/\/carelli.se\/fi\/att-skapa-den-basta-arbetsmiljon-och-ett-hallbart-arbetsliv\/\" class=\"more-link\">Lue lis\u00e4\u00e4<\/a><\/div>","protected":false},"author":2,"featured_media":2399,"comment_status":"closed","ping_status":"open","sticky":false,"template":"","format":"standard","meta":{"footnotes":""},"categories":[32,1],"tags":[],"class_list":["post-2422","post","type-post","status-publish","format-standard","has-post-thumbnail","hentry","category-stockholm","category-uncategorized"],"_links":{"self":[{"href":"https:\/\/carelli.se\/fi\/wp-json\/wp\/v2\/posts\/2422","targetHints":{"allow":["GET"]}}],"collection":[{"href":"https:\/\/carelli.se\/fi\/wp-json\/wp\/v2\/posts"}],"about":[{"href":"https:\/\/carelli.se\/fi\/wp-json\/wp\/v2\/types\/post"}],"author":[{"embeddable":true,"href":"https:\/\/carelli.se\/fi\/wp-json\/wp\/v2\/users\/2"}],"replies":[{"embeddable":true,"href":"https:\/\/carelli.se\/fi\/wp-json\/wp\/v2\/comments?post=2422"}],"version-history":[{"count":3,"href":"https:\/\/carelli.se\/fi\/wp-json\/wp\/v2\/posts\/2422\/revisions"}],"predecessor-version":[{"id":2425,"href":"https:\/\/carelli.se\/fi\/wp-json\/wp\/v2\/posts\/2422\/revisions\/2425"}],"wp:featuredmedia":[{"embeddable":true,"href":"https:\/\/carelli.se\/fi\/wp-json\/wp\/v2\/media\/2399"}],"wp:attachment":[{"href":"https:\/\/carelli.se\/fi\/wp-json\/wp\/v2\/media?parent=2422"}],"wp:term":[{"taxonomy":"category","embeddable":true,"href":"https:\/\/carelli.se\/fi\/wp-json\/wp\/v2\/categories?post=2422"},{"taxonomy":"post_tag","embeddable":true,"href":"https:\/\/carelli.se\/fi\/wp-json\/wp\/v2\/tags?post=2422"}],"curies":[{"name":"wp","href":"https:\/\/api.w.org\/{rel}","templated":true}]}}