{"id":2427,"date":"2023-03-01T15:42:23","date_gmt":"2023-03-01T15:42:23","guid":{"rendered":"https:\/\/carelli.se\/?p=2427"},"modified":"2023-10-02T14:00:38","modified_gmt":"2023-10-02T14:00:38","slug":"carelli-mot-diskriminering","status":"publish","type":"post","link":"https:\/\/carelli.se\/fi\/carelli-mot-diskriminering\/","title":{"rendered":"Carelli syrjint\u00e4\u00e4 vastaan"},"content":{"rendered":"<p>Kansainv\u00e4lisen syrjinn\u00e4n vastaisen p\u00e4iv\u00e4n yhteydess\u00e4 haluamme levitt\u00e4\u00e4 tietoa t\u00e4st\u00e4 asiasta ja my\u00f6s korostaa, miten me Carelli assistansissa ty\u00f6skentelemme osallistavan ty\u00f6paikan ja yhteiskunnan puolesta.&nbsp;&nbsp;<\/p>\n\n\n\n<p>Ty\u00f6nantajina meid\u00e4n on teht\u00e4v\u00e4 kaikkemme torjuaksemme ja ehk\u00e4ist\u00e4ksemme syrjint\u00e4\u00e4 ty\u00f6paikalla. Avunantajina meill\u00e4 on kuitenkin my\u00f6s mahdollisuus auttaa torjumaan ja est\u00e4m\u00e4\u00e4n asiakkaitamme joutumasta mink\u00e4\u00e4nlaisen syrjinn\u00e4n kohteeksi jokap\u00e4iv\u00e4isess\u00e4 el\u00e4m\u00e4ss\u00e4\u00e4n riippumatta siit\u00e4, liittyyk\u00f6 syrjint\u00e4 heid\u00e4n vammaisuuteensa, ik\u00e4\u00e4ns\u00e4, sukupuoleensa, transsukupuoliseen identiteettiin tai ilmaisuunsa, etniseen alkuper\u00e4\u00e4ns\u00e4, uskontoonsa tai muuhun vakaumukseensa tai seksuaaliseen suuntautumiseensa.&nbsp;<\/p>\n\n\n\n<p>Valitettavasti asiakkaamme kohtaavat joskus tiet\u00e4m\u00e4tt\u00f6myytt\u00e4 yhteiskunnassa. Er\u00e4s asiakkaamme kuvailee:&nbsp;&nbsp;<\/p>\n\n\n\n<p><em>\"Minut j\u00e4tet\u00e4\u00e4n usein huomiotta, kun olen ostoksilla, ja jos kysyn kaupassa ty\u00f6skentelevilt\u00e4 ihmisilt\u00e4 jotain, he eiv\u00e4t katso minua vaan ainoastaan avustajaani, kun he vastaavat. Minua \u00e4rsytt\u00e4\u00e4 ja olen surullinen.\"<\/em>&nbsp;<\/p>\n\n\n\n<p>Me Carelli assistansissa uskomme, ett\u00e4 meill\u00e4 on yrityksen\u00e4 entist\u00e4 suurempi velvollisuus mutta my\u00f6s mahdollisuus torjua syrjint\u00e4\u00e4 yhteiskunnassa ja Ruotsissa, ei vain asiakkaidemme tai ty\u00f6paikkojemme osalta.&nbsp;&nbsp;<\/p>\n\n\n\n<h2 class=\"wp-block-heading\">Mit\u00e4 siis teemme pyrkiess\u00e4mme kohti tasa-arvoista ja syrjim\u00e4t\u00f6nt\u00e4 maailmaa?&nbsp;&nbsp;<\/h2>\n\n\n\n<p>Ty\u00f6nantajana emme hyv\u00e4ksy t\u00e4llaista k\u00e4yt\u00f6st\u00e4 ja kohtelua, ja tutkimme v\u00e4litt\u00f6m\u00e4sti kaikki tapaukset, joissa joku on kokenut tulleensa syrjityksi. Pyrimme huolellisesti puuttumaan tapauksen syihin ja pyrimme siihen, ett\u00e4 jokaisella on oikeus ty\u00f6paikkaan, jossa kaikkia kohdellaan tasavertaisesti riippumatta siit\u00e4, mit\u00e4 tapahtuu. T\u00e4m\u00e4 koskee tietenkin my\u00f6s asiakkaitamme, joita ei saa koskaan asettaa ep\u00e4edulliseen asemaan tai loukata ep\u00e4oikeudenmukaisuuden tai syrjinn\u00e4n vuoksi. Kannustamme avustajiamme ja asiakkaitamme puhumaan \u00e4\u00e4neen, jos he huomaavat, ett\u00e4 jotakuta heid\u00e4n l\u00e4hell\u00e4\u00e4n kohdellaan ep\u00e4edullisesti tai loukataan mill\u00e4\u00e4n tavalla.&nbsp;&nbsp;<\/p>\n\n\n\n<p>Maailmanlaajuisella tasolla olemme kiinnostuneita toimimaan sellaisten sidosryhmien kanssa, jotka uskovat meid\u00e4n tavoin tasa-arvoiseen maailmaan ilman syrjint\u00e4\u00e4. Olemme mukana pit\u00e4m\u00e4ss\u00e4 aihetta ja vuoropuhelua osallisuudesta, tasa-arvosta ja syrjinn\u00e4st\u00e4 el\u00e4v\u00e4n\u00e4 osittain sosiaalisen median kautta, mutta my\u00f6s ty\u00f6ryhmiss\u00e4 ja yhteisty\u00f6foorumeilla.&nbsp;&nbsp;<\/p>\n\n\n\n<h2 class=\"wp-block-heading\">Lis\u00e4\u00e4 syrjinn\u00e4st\u00e4<\/h2>\n\n\n\n<p><strong>Syrjint\u00e4laki (2008:567)<\/strong><\/p>\n\n\n\n<p>Syrjint\u00e4laki suojaa yksil\u00f6it\u00e4 syrjinn\u00e4lt\u00e4 monilla yhteiskunnan aloilla. Lain mukaan kaikki syrjinn\u00e4n muodot ovat kiellettyj\u00e4.<\/p>\n\n\n\n<h3 class=\"wp-block-heading\">Syrjinn\u00e4n m\u00e4\u00e4ritelm\u00e4<\/h3>\n\n\n\n<p>Jotta jokin asia voidaan laillisesti m\u00e4\u00e4ritell\u00e4 syrjinn\u00e4ksi:<\/p>\n\n\n\n<ul class=\"wp-block-list\">\n<li>kyseess\u00e4 on oltava henkil\u00f6, joka on joutunut ep\u00e4edulliseen asemaan tai jota on loukattu.<\/li>\n\n\n\n<li>on oltava yhteys johonkin syrjint\u00e4perusteeseen (seksuaalinen h\u00e4irint\u00e4 ei edellyt\u00e4 t\u00e4t\u00e4 yhteytt\u00e4).<\/li>\n\n\n\n<li>kyseess\u00e4 on oltava jokin laissa kuvattu syrjinn\u00e4n muoto.<\/li>\n\n\n\n<li>on t\u00e4ytynyt tapahtua jollakin yhteiskunnan osa-alueella, johon lakia sovelletaan.<\/li>\n<\/ul>\n\n\n\n<p><strong>Syrjint\u00e4perusteet:<\/strong><\/p>\n\n\n\n<ul class=\"wp-block-list\">\n<li>jono<\/li>\n\n\n\n<li>transsukupuolinen identiteetti tai ilmaisu<\/li>\n\n\n\n<li>etnisyys<\/li>\n\n\n\n<li>uskonto tai muu vakaumus<\/li>\n\n\n\n<li>ty\u00f6kyvytt\u00f6myys<\/li>\n\n\n\n<li>seksuaalinen suuntautuminen<\/li>\n\n\n\n<li>ik\u00e4<\/li>\n<\/ul>\n\n\n\n<p><strong>Kuusi erilaista syrjinn\u00e4n muotoa:<\/strong><\/p>\n\n\n\n<ul class=\"wp-block-list\">\n<li>v\u00e4lit\u00f6n syrjint\u00e4<\/li>\n\n\n\n<li>v\u00e4lillinen syrjint\u00e4<\/li>\n\n\n\n<li>saatavuuden puute<\/li>\n\n\n\n<li>h\u00e4irint\u00e4 ja seksuaalinen h\u00e4irint\u00e4<\/li>\n\n\n\n<li>ohjeet erottelua varten<\/li>\n<\/ul>\n\n\n\n<p><strong>Esimerkkej\u00e4 yhteiskunnan osa-alueista, joilla syrjint\u00e4laki tarjoaa suojaa:<\/strong><\/p>\n\n\n\n<ul class=\"wp-block-list\">\n<li>T\u00f6iss\u00e4<\/li>\n\n\n\n<li>Koulussa<\/li>\n\n\n\n<li>Tiettyjen yhteiskunnallisten toimijoiden, esim. vuokranantajien, pankkien, sosiaaliturvan, ty\u00f6voimapalvelujen ja terveyskeskusten toiminta.<\/li>\n<\/ul>\n\n\n\n<h2 class=\"wp-block-heading\">Mik\u00e4 ei ole syrjint\u00e4\u00e4?<\/h2>\n\n\n\n<p>Jos kyseess\u00e4 on haitta tai rikkomus, joka ei liity syrjint\u00e4perusteeseen, kyse ei ole syrjinn\u00e4st\u00e4. Poikkeuksena on seksuaalinen h\u00e4irint\u00e4, joka ei edellyt\u00e4 yhteytt\u00e4 syrjint\u00e4perusteeseen.<\/p>\n\n\n\n<p>Syrjint\u00e4lailla ei s\u00e4\u00e4nnell\u00e4 kaikkia yhteiskunnan osa-alueita eik\u00e4 sit\u00e4, mit\u00e4 tapahtuu yksityishenkil\u00f6iden v\u00e4lill\u00e4. My\u00f6sk\u00e4\u00e4n mainonnan, television, radion, sosiaalisen median ja sanomalehtien sis\u00e4lt\u00f6 ei kuulu syrjint\u00e4kiellon piiriin. N\u00e4ill\u00e4 aloilla on olemassa muita lakeja ja s\u00e4\u00e4nt\u00f6j\u00e4, jotka asettavat rajoja ja tarjoavat suojaa.<\/p>\n\n\n\n<p><strong>Voit lukea lis\u00e4\u00e4 siit\u00e4, mit\u00e4 syrjint\u00e4 on, t\u00e4\u00e4lt\u00e4:<\/strong><\/p>\n\n\n\n<p>Syrjint\u00e4asiamies: <a href=\"https:\/\/www.do.se\/diskriminering\/vad-ar-diskriminering\">Mit\u00e4 on syrjint\u00e4?<\/a><\/p>\n\n\n\n<p>Lain koko teksti <a href=\"https:\/\/www.riksdagen.se\/sv\/dokument-lagar\/dokument\/svensk-forfattningssamling\/diskrimineringslag-2008567_sfs-2008-567\">klikkaa t\u00e4st\u00e4<\/a><\/p>","protected":false},"excerpt":{"rendered":"<p>Kansainv\u00e4lisen syrjinn\u00e4n vastaisen p\u00e4iv\u00e4n yhteydess\u00e4 haluamme levitt\u00e4\u00e4 tietoa t\u00e4st\u00e4 asiasta ja my\u00f6s korostaa, miten me Carelli assistansissa ty\u00f6skentelemme osallistavan ty\u00f6paikan ja yhteiskunnan puolesta.<\/p>","protected":false},"author":2,"featured_media":2428,"comment_status":"closed","ping_status":"open","sticky":false,"template":"","format":"standard","meta":{"footnotes":""},"categories":[1],"tags":[],"class_list":["post-2427","post","type-post","status-publish","format-standard","has-post-thumbnail","hentry","category-uncategorized"],"_links":{"self":[{"href":"https:\/\/carelli.se\/fi\/wp-json\/wp\/v2\/posts\/2427","targetHints":{"allow":["GET"]}}],"collection":[{"href":"https:\/\/carelli.se\/fi\/wp-json\/wp\/v2\/posts"}],"about":[{"href":"https:\/\/carelli.se\/fi\/wp-json\/wp\/v2\/types\/post"}],"author":[{"embeddable":true,"href":"https:\/\/carelli.se\/fi\/wp-json\/wp\/v2\/users\/2"}],"replies":[{"embeddable":true,"href":"https:\/\/carelli.se\/fi\/wp-json\/wp\/v2\/comments?post=2427"}],"version-history":[{"count":2,"href":"https:\/\/carelli.se\/fi\/wp-json\/wp\/v2\/posts\/2427\/revisions"}],"predecessor-version":[{"id":2430,"href":"https:\/\/carelli.se\/fi\/wp-json\/wp\/v2\/posts\/2427\/revisions\/2430"}],"wp:featuredmedia":[{"embeddable":true,"href":"https:\/\/carelli.se\/fi\/wp-json\/wp\/v2\/media\/2428"}],"wp:attachment":[{"href":"https:\/\/carelli.se\/fi\/wp-json\/wp\/v2\/media?parent=2427"}],"wp:term":[{"taxonomy":"category","embeddable":true,"href":"https:\/\/carelli.se\/fi\/wp-json\/wp\/v2\/categories?post=2427"},{"taxonomy":"post_tag","embeddable":true,"href":"https:\/\/carelli.se\/fi\/wp-json\/wp\/v2\/tags?post=2427"}],"curies":[{"name":"wp","href":"https:\/\/api.w.org\/{rel}","templated":true}]}}