{"id":2483,"date":"2023-04-20T07:57:37","date_gmt":"2023-04-20T07:57:37","guid":{"rendered":"https:\/\/carelli.se\/?p=2483"},"modified":"2023-09-29T10:38:35","modified_gmt":"2023-09-29T10:38:35","slug":"carelli-assistans-blir-ifa-supporter","status":"publish","type":"post","link":"https:\/\/carelli.se\/fi\/carelli-assistans-blir-ifa-supporter\/","title":{"rendered":"Carelli Assistansista tulee IfA:n tukija!"},"content":{"rendered":"<p>Carelli Assistans on ylpe\u00e4 siit\u00e4, ett\u00e4 se on osa IfA:n avuntarjoajien verkostoa. Verkoston tavoitteena on vahvistaa henkil\u00f6kohtaisen avun kehitt\u00e4mist\u00e4 avun k\u00e4ytt\u00e4j\u00e4n n\u00e4k\u00f6kulmasta. Jotta avustuspalvelujen tarjoaja voidaan hyv\u00e4ksy\u00e4 IfA:n tukijaksi, sen on t\u00e4ytett\u00e4v\u00e4 ehdot, joita IfA pit\u00e4\u00e4 t\u00e4rkein\u00e4 ammattimaisen henkil\u00f6kohtaisen avun tarjoamisen kannalta.<\/p>\n\n\n\n<p>Lue lis\u00e4\u00e4 IfA:sta <a href=\"https:\/\/www.intressegruppen.info\/\">t\u00e4\u00e4ll\u00e4.<\/a><\/p>\n\n\n\n<figure class=\"wp-block-image size-full is-resized\"><img loading=\"lazy\" decoding=\"async\" src=\"https:\/\/carelli.se\/wp-content\/uploads\/2023\/04\/IfA-1.png\" alt=\"\" class=\"wp-image-2486\" width=\"613\" height=\"365\" srcset=\"https:\/\/carelli.se\/wp-content\/uploads\/2023\/04\/IfA-1.png 492w, https:\/\/carelli.se\/wp-content\/uploads\/2023\/04\/IfA-1-300x179.png 300w, https:\/\/carelli.se\/wp-content\/uploads\/2023\/04\/IfA-1-100x60.png 100w\" sizes=\"auto, (max-width: 613px) 100vw, 613px\" \/><\/figure>\n\n\n\n<h2 class=\"wp-block-heading\"><em>Tietoa IfA:sta<\/em><\/h2>\n\n\n\n<p>IfA on voittoa tavoittelematon j\u00e4rjest\u00f6, jolla on t\u00e4ll\u00e4 hetkell\u00e4 600 j\u00e4sent\u00e4. IfA pyrkii kehitt\u00e4m\u00e4\u00e4n ja vahvistamaan vammaisten henkil\u00f6iden oikeutta henkil\u00f6kohtaiseen apuun. T\u00e4m\u00e4 tapahtuu laajalla rintamalla, muun muassa edunvalvonnan ja etupoliittisen ty\u00f6n kautta, mutta my\u00f6s yksitt\u00e4isten j\u00e4senten tukemisen, taitojen kehitt\u00e4misen, kokemusten vaihdon ja koulutuksen kautta.<\/p>\n\n\n\n<p><\/p>","protected":false},"excerpt":{"rendered":"<p>Carelli Assistans on ylpe\u00e4 siit\u00e4, ett\u00e4 se on osa IfA:n avuntarjoajien verkostoa. Verkoston tavoitteena on vahvistaa ... <\/p>\n<div><a href=\"https:\/\/carelli.se\/fi\/carelli-assistans-blir-ifa-supporter\/\" class=\"more-link\">Lue lis\u00e4\u00e4<\/a><\/div>","protected":false},"author":2,"featured_media":2484,"comment_status":"closed","ping_status":"open","sticky":false,"template":"","format":"standard","meta":{"footnotes":""},"categories":[2],"tags":[],"class_list":["post-2483","post","type-post","status-publish","format-standard","has-post-thumbnail","hentry","category-nyheter"],"_links":{"self":[{"href":"https:\/\/carelli.se\/fi\/wp-json\/wp\/v2\/posts\/2483","targetHints":{"allow":["GET"]}}],"collection":[{"href":"https:\/\/carelli.se\/fi\/wp-json\/wp\/v2\/posts"}],"about":[{"href":"https:\/\/carelli.se\/fi\/wp-json\/wp\/v2\/types\/post"}],"author":[{"embeddable":true,"href":"https:\/\/carelli.se\/fi\/wp-json\/wp\/v2\/users\/2"}],"replies":[{"embeddable":true,"href":"https:\/\/carelli.se\/fi\/wp-json\/wp\/v2\/comments?post=2483"}],"version-history":[{"count":1,"href":"https:\/\/carelli.se\/fi\/wp-json\/wp\/v2\/posts\/2483\/revisions"}],"predecessor-version":[{"id":2487,"href":"https:\/\/carelli.se\/fi\/wp-json\/wp\/v2\/posts\/2483\/revisions\/2487"}],"wp:featuredmedia":[{"embeddable":true,"href":"https:\/\/carelli.se\/fi\/wp-json\/wp\/v2\/media\/2484"}],"wp:attachment":[{"href":"https:\/\/carelli.se\/fi\/wp-json\/wp\/v2\/media?parent=2483"}],"wp:term":[{"taxonomy":"category","embeddable":true,"href":"https:\/\/carelli.se\/fi\/wp-json\/wp\/v2\/categories?post=2483"},{"taxonomy":"post_tag","embeddable":true,"href":"https:\/\/carelli.se\/fi\/wp-json\/wp\/v2\/tags?post=2483"}],"curies":[{"name":"wp","href":"https:\/\/api.w.org\/{rel}","templated":true}]}}