{"id":2568,"date":"2023-07-04T09:13:07","date_gmt":"2023-07-04T09:13:07","guid":{"rendered":"https:\/\/carelli.se\/?p=2568"},"modified":"2026-02-16T22:50:42","modified_gmt":"2026-02-16T22:50:42","slug":"personlig-assistans-lss","status":"publish","type":"post","link":"https:\/\/carelli.se\/fi\/personlig-assistans-lss\/","title":{"rendered":"Henkil\u00f6kohtainen apu &amp; LSS"},"content":{"rendered":"<h2 class=\"wp-block-heading\">Mik\u00e4 on LSS?<\/h2>\n\n\n\n<p>LSS tarkoittaa vammaisten henkil\u00f6iden tukemista ja palveluja koskevaa lakia. Laki tuli vuonna 1994 ja korvasi hoitolain. Silloin oli tapahtunut ero siin\u00e4, miten vammaisten henkil\u00f6iden palveluja tarkasteltiin: aiemmin puhuttiin \"hoidon tarjoamisesta\", nyt oletettiin, ett\u00e4 vammaisella henkil\u00f6ll\u00e4 olisi oikeus valita, miten h\u00e4n haluaa el\u00e4\u00e4 el\u00e4m\u00e4\u00e4ns\u00e4. &nbsp;<\/p>\n\n\n\n<p>LSS-ohjelmaan kuuluu seuraavat kymmenen ohjelmaa:<\/p>\n\n\n\n<ol class=\"wp-block-list\">\n<li>Neuvonta ja muu yksil\u00f6llinen tuki<\/li>\n\n\n\n<li>Henkil\u00f6kohtainen apu<\/li>\n\n\n\n<li>Seuralainen palvelu<\/li>\n\n\n\n<li>Yhteyshenkil\u00f6<\/li>\n\n\n\n<li>Hoito kotona<\/li>\n\n\n\n<li>Lyhytaikainen majoitus kodin ulkopuolella,<\/li>\n\n\n\n<li>Lyhytaikainen hoito yli 12-vuotiaille koululaisille<\/li>\n\n\n\n<li>Majoitus perhekodissa tai erityisasunnossa<\/li>\n\n\n\n<li>Asuminen aikuisten erityispalveluiden tai muiden erityispalveluiden kanssa<br>mukautettu asunto<\/li>\n\n\n\n<li>P\u00e4ivitt\u00e4inen toiminta<\/li>\n<\/ol>\n\n\n\n<p>Lue lis\u00e4\u00e4 ja tutustu lakitekstiin kokonaisuudessaan parlamentin verkkosivuilta; <a href=\"https:\/\/www.riksdagen.se\/sv\/dokument-och-lagar\/dokument\/svensk-forfattningssamling\/lag-1993387-om-stod-och-service-till-vissa_sfs-1993-387\/\">Laki (1993:387) er\u00e4iden vammaisten henkil\u00f6iden tuesta ja palveluista.<\/a>.<\/p>\n\n\n\n<h2 class=\"wp-block-heading\">Mit\u00e4 eroa on LSS:n ja SoL:n v\u00e4lill\u00e4?<\/h2>\n\n\n\n<p>Vammainen henkil\u00f6, joka tarvitsee yhteiskunnan apua, voi hakea apua SoL:n (sosiaalihuoltolaki) ja\/tai LSS:n (laki vammaisten henkil\u00f6iden tuesta ja palveluista) kautta.<\/p>\n\n\n\n<h3 class=\"wp-block-heading\">SoL on tarkoitettu kaikille, LSS vammaisille.<\/h3>\n\n\n\n<p>SoL on tarkoitettu kaikille, kun taas LSS on tarkoitettu tietyille vammaisille. T\u00e4m\u00e4 tarkoittaa sit\u00e4, ett\u00e4 kuka tahansa, vanhukset, sairaat, perheet, ty\u00f6tt\u00f6m\u00e4t tai apua tarvitsevat voivat hakea apua SoL:n kautta. LSS-apuun ovat kuitenkin oikeutettuja vain tietyt ihmisryhm\u00e4t (<a href=\"https:\/\/www.riksdagen.se\/sv\/dokument-och-lagar\/dokument\/svensk-forfattningssamling\/socialtjanstlag-2001453_sfs-2001-453\/\">Ks. 4 luvun 1 jakson ensimm\u00e4inen kappale, SoL.<\/a> ja <a href=\"https:\/\/www.riksdagen.se\/sv\/dokument-och-lagar\/dokument\/svensk-forfattningssamling\/lag-1993387-om-stod-och-service-till-vissa_sfs-1993-387\/\">1 \u00a7 LSS<\/a>.)<\/p>\n\n\n\n<h3 class=\"wp-block-heading\">LSS on oikeuksia koskeva laki ja SoL on puitelaki.<\/h3>\n\n\n\n<p>SoLissa ei s\u00e4\u00e4det\u00e4 siit\u00e4, mit\u00e4 oikeuksia henkil\u00f6ll\u00e4 on, vaan siit\u00e4, mit\u00e4 velvollisuuksia kunnilla on. Laissa s\u00e4\u00e4det\u00e4\u00e4n kaikesta kunnan sosiaalitoiminnasta, kuten lasten ja nuorten, vanhusten, p\u00e4ihdeongelmaisten ja vammaisten tukemisesta. SoLissa on yksi poikkeus, joka koskee oikeutta taloudelliseen tukeen.<\/p>\n\n\n\n<p>LSS-oikeuksia koskevalle lains\u00e4\u00e4d\u00e4nn\u00f6lle on ominaista, ett\u00e4 henkil\u00f6ryhmiin kuuluvilla henkil\u00f6ill\u00e4 on oikeus saada laissa m\u00e4\u00e4riteltyj\u00e4 palveluja, jos tarve on olemassa (<a href=\"https:\/\/www.riksdagen.se\/sv\/dokument-och-lagar\/dokument\/svensk-forfattningssamling\/lag-1993387-om-stod-och-service-till-vissa_sfs-1993-387\/\">ks. LSS 7 \u00a7<\/a>).<\/p>\n\n\n\n<p>Esimerkiksi yhteyshenkil\u00f6n v\u00e4liintuloa koskeva ero voi olla erilainen lains\u00e4\u00e4d\u00e4nn\u00f6st\u00e4 riippuen. Jos nuori hakee SoL:n mukaista interventiota, koska h\u00e4n tarvitsee yhteyshenkil\u00f6n auttamaan h\u00e4nt\u00e4 rikkomaan k\u00e4yt\u00f6st\u00e4\u00e4n, sit\u00e4 ei v\u00e4ltt\u00e4m\u00e4tt\u00e4 my\u00f6nnet\u00e4 SoL:n nojalla, vaan kunta voi katsoa, ett\u00e4 jokin muu interventio vastaa tarvetta, ja my\u00f6nt\u00e4\u00e4 sen sijaan toisen intervention. Toisaalta LSS-ryhm\u00e4\u00e4n kuuluvalla henkil\u00f6ll\u00e4 on oikeus yhteyshenkil\u00f6interventioon, jos h\u00e4n tarvitsee sit\u00e4. Kaikki Ruotsin kunnat ovat velvollisia tarjoamaan LSS:ss\u00e4 m\u00e4\u00e4ritellyt 10 toimenpidett\u00e4. LSS-ryhmiin kuuluvat henkil\u00f6t tiet\u00e4v\u00e4t siten tarkalleen, mit\u00e4 on saatavilla, ja kuntien itsem\u00e4\u00e4r\u00e4\u00e4misoikeus v\u00e4henee.<\/p>\n\n\n\n<h3 class=\"wp-block-heading\">Hyv\u00e4t vs. ihmisarvoiset elinolot<\/h3>\n\n\n\n<p>Erona on my\u00f6s se, ett\u00e4 LSS-toimenpiteill\u00e4 on varmistettava henkil\u00f6n hyv\u00e4t elinolot, toisin kuin SoL-toimenpiteill\u00e4, joilla tarjotaan kohtuulliset elinolot.<\/p>\n\n\n\n<p><a href=\"https:\/\/www.riksdagen.se\/sv\/dokument-och-lagar\/dokument\/svensk-forfattningssamling\/lag-1993387-om-stod-och-service-till-vissa_sfs-1993-387\/\">Katso LSS:n 7 jakson toinen kohta<\/a> ja <a href=\"https:\/\/www.riksdagen.se\/sv\/dokument-och-lagar\/dokument\/svensk-forfattningssamling\/socialtjanstlag-2001453_sfs-2001-453\/\">4 luvun 1 jakson nelj\u00e4s kohta SoL<\/a>. K\u00e4yt\u00e4nn\u00f6ss\u00e4 t\u00e4m\u00e4 tarkoittaa sit\u00e4, ett\u00e4 LSS-tukitoimien on oltava laadultaan sellaisia, ett\u00e4 henkil\u00f6 saa paremmat elinolot, kun taas henkil\u00f6lle, jolle on my\u00f6nnetty tukea SoL-tuen perusteella, tukitoimien on tarjottava vain kohtuulliset elinolot.<\/p>\n\n\n\n<p>Erot n\u00e4kyv\u00e4t esimerkiksi henkil\u00f6kohtaisen avun ja kotihoidon v\u00e4lisess\u00e4 vertailussa. Kotihoidossa henkil\u00f6lle my\u00f6nnet\u00e4\u00e4n v\u00e4himm\u00e4isaika siivoukseen ja pyykinpesuun, juuri sen verran, ett\u00e4 h\u00e4n tulee toimeen. Henkil\u00f6kohtaisessa avussa aika m\u00e4\u00e4r\u00e4ytyy henkil\u00f6n tarpeiden mukaan, esimerkiksi henkil\u00f6lle, joka on aina huolehtinut ymp\u00e4rist\u00f6ns\u00e4 siisteydest\u00e4 ja j\u00e4rjestyksest\u00e4 ja joka yleens\u00e4 k\u00e4ytt\u00e4\u00e4 noin tunnin siivoamiseen viikoittain, voidaan my\u00f6nt\u00e4\u00e4 my\u00f6s t\u00e4m\u00e4 aika.<\/p>\n\n\n\n<h3 class=\"wp-block-heading\">Arvioero siit\u00e4, voidaanko tarve tyydytt\u00e4\u00e4 muilla keinoin.<\/h3>\n\n\n\n<p>Toinen ero on se, ett\u00e4 henkil\u00f6lle my\u00f6nnet\u00e4\u00e4n vain silloin, kun h\u00e4nen tarpeitaan ei voida tyydytt\u00e4\u00e4 muulla tavoin, kun taas LSS-palvelut my\u00f6nnet\u00e4\u00e4n niin kauan kuin h\u00e4nen tarpeitaan ei ole jo tyydytetty.<\/p>\n\n\n\n<p>T\u00e4m\u00e4 tarkoittaa sit\u00e4, ett\u00e4 SoL:n mukaista yhteyshenkil\u00f6\u00e4 hakevan henkil\u00f6n, jolla on perhe-, kollegoiden, yst\u00e4vien tai sukulaisten verkosto, voidaan katsoa saavan tarpeensa tyydytetyksi n\u00e4iden tahojen kautta riippumatta siit\u00e4, haluaako henkil\u00f6 apua n\u00e4ilt\u00e4 tahoilta, ja t\u00e4ll\u00f6in h\u00e4nelt\u00e4 ev\u00e4t\u00e4\u00e4n palvelu. Jos henkil\u00f6kohtaiseen l\u00e4hipiiriin kuuluva henkil\u00f6 hakee yhteyshenkil\u00f6\u00e4 LSS:n nojalla, arvioidaan, onko tarve t\u00e4ll\u00e4 hetkell\u00e4 tyydytetty, esimerkiksi kysym\u00e4ll\u00e4, haluaako henkil\u00f6 ja uskooko h\u00e4n, ett\u00e4 h\u00e4nen verkostonsa vastaa olemassa oleviin tarpeisiin. Jos henkil\u00f6 vastaa kielt\u00e4v\u00e4sti, h\u00e4nelle voidaan my\u00f6nt\u00e4\u00e4 interventio olemassa olevasta verkostosta riippumatta.<\/p>\n\n\n\n<h2 class=\"wp-block-heading\">LSS ja henkil\u00f6kohtainen apu<\/h2>\n\n\n\n<p>Henkil\u00f6kohtaista apua voidaan my\u00f6nt\u00e4\u00e4 vain LSS:n kautta.<\/p>\n\n\n\n<p>Henkil\u00f6t, jotka kuuluvat LSS-henkil\u00f6kohtaiseen luokkaan ja joille on my\u00f6nnetty henkil\u00f6kohtaista apua, saavat p\u00e4\u00e4t\u00f6ksen siit\u00e4, mihin tarkoitukseen henkil\u00f6lle on my\u00f6nnetty tukea ja kuinka kauan kunkin toimenpiteen odotetaan kest\u00e4v\u00e4n. Avustukseen oikeutettu henkil\u00f6 ja vastuullinen aluep\u00e4\u00e4llikk\u00f6 m\u00e4\u00e4rittelev\u00e4t sitten yhdess\u00e4, miten toimenpiteet toteutetaan, mihin aikaan p\u00e4iv\u00e4st\u00e4 jne., ja t\u00e4m\u00e4 kirjataan toteuttamissuunnitelmaan, jota kaikkien avustajien on noudatettava avustukseen oikeutetun henkil\u00f6n luona. Riippuen avunsaajan itsem\u00e4\u00e4r\u00e4\u00e4miskyvyst\u00e4, toteutussuunnitelma laaditaan niin yksityiskohtaiseksi, ett\u00e4 se vastaa avunsaajan tarpeita ja toiveita.<\/p>\n\n\n\n<p>Tukeen oikeutetun henkil\u00f6n on osallistuttava kykyjens\u00e4 mukaan kaikkien h\u00e4nt\u00e4 koskevien toimenpiteiden toteuttamiseen. Lyhyesti sanottuna t\u00e4m\u00e4 tarkoittaa sit\u00e4, ett\u00e4 avustajien on oltava avustajiin oikeutetun henkil\u00f6n pidennetty k\u00e4sivarsi, jotta avustajiin oikeutettu henkil\u00f6 voi el\u00e4\u00e4 el\u00e4m\u00e4\u00e4ns\u00e4 samalla tavalla kuin h\u00e4n olisi el\u00e4nyt vammaisuudestaan huolimatta. Voi olla esimerkiksi niin, ett\u00e4 avustajat tekev\u00e4t kaikki vaiheet esimerkiksi leipomisessa ja avustajaan oikeutettu henkil\u00f6 istuu samassa huoneessa katsomassa ja haistelemassa, tai voi olla niin, ett\u00e4 avustajaan oikeutettu henkil\u00f6 tekee suurimman osan asioista itse, mutta tarvitsee apua ja tukea vaiheiden suorittamisessa. Kaikkien toimintojen toteuttamistapa riippuu siis avustajaan oikeutetun henkil\u00f6n tarpeista ja siit\u00e4, miten h\u00e4n haluaa sit\u00e4.<\/p>\n\n\n\n<h2 class=\"wp-block-heading\">Kuka on vastuussa mist\u00e4kin?<\/h2>\n\n\n\n<h3 class=\"wp-block-heading\">Mik\u00e4 vastuu meill\u00e4 on avustusyrityksin\u00e4 LSS:n osalta?<\/h3>\n\n\n\n<p>Sum <a href=\"https:\/\/carelli.se\/fi\/\">avustusyritykset<\/a> Carelli Assistans AB toteuttaa avustukseen oikeutetuille my\u00f6nnett\u00e4v\u00e4\u00e4 apua heid\u00e4n haluamallaan tavalla. Meill\u00e4 on suuri vastuu sek\u00e4 avustamiseen oikeutetun henkil\u00f6n avustamisesta ett\u00e4 henkil\u00f6kohtaisten avustajien ty\u00f6nantajana.<\/p>\n\n\n\n<p>Avun osalta vastuullamme on suurelta osin varmistaa, ett\u00e4 apu on laadukasta, ett\u00e4 paikalla on p\u00e4tev\u00e4\u00e4 henkil\u00f6kuntaa ja ett\u00e4 annettava apu noudattaa apuun oikeutetun henkil\u00f6n p\u00e4\u00e4t\u00f6st\u00e4.&nbsp;<\/p>\n\n\n\n<p>Mit\u00e4 tulee vastuuseemme ty\u00f6nantajana, meid\u00e4n, kuten kaikkien ty\u00f6nantajien, on noudatettava sovellettavia lakeja ja ohjeita, joista suuri osa koskee ty\u00f6ymp\u00e4rist\u00f6n j\u00e4rjestelm\u00e4llist\u00e4 hallintaa, mutta my\u00f6s koulutuksen tarjoamista kaikille ty\u00f6ntekij\u00f6ille.<\/p>\n\n\n\n<h3 class=\"wp-block-heading\">Mitk\u00e4 ovat kunnan velvollisuudet?<\/h3>\n\n\n\n<p>Kunnalla on velvollisuus tarjota kymmenen LSS:ss\u00e4 lueteltua palvelua. Henkil\u00f6kohtaisen avun osalta avunsaaja voi itse p\u00e4\u00e4tt\u00e4\u00e4, haluaako h\u00e4n itse hoitaa avustustoimintaa, j\u00e4tt\u00e4\u00e4 sen asuinkuntansa hoidettavaksi vai palkata ulkopuolisen avunantajan. Jos avustamiseen oikeutettu henkil\u00f6 p\u00e4\u00e4tt\u00e4\u00e4 antaa avustamisen kunnan hoidettavaksi, kunnan on j\u00e4rjestett\u00e4v\u00e4 se.<\/p>\n\n\n\n<p>Kunta voi puolestaan siirt\u00e4\u00e4 henkil\u00f6kohtaisen avun antamisen ulkopuoliselle palveluntarjoajalle. Carelli Assistans on useiden ruotsalaisten kuntien toimeksisaaja. Ja niiss\u00e4 tapauksissa, joissa henkil\u00f6 n\u00e4iss\u00e4 kunnissa valitsee kunnan palveluntarjoajaksi, Carelli vastaa toiminnasta. N\u00e4iss\u00e4 tapauksissa kunnalla on velvollisuus valvoa jatkuvasti, miten toiminta toteutetaan, mutta Carelli vastaa kaikista avun osatekij\u00f6ist\u00e4 sek\u00e4 ty\u00f6nantajavastuusta.<\/p>","protected":false},"excerpt":{"rendered":"<p>Mit\u00e4 LSS tarkalleen ottaen on? Ja miten se eroaa SoL:sta? Lue lis\u00e4\u00e4 t\u00e4st\u00e4 ja paljon muuta t\u00e4\u00e4lt\u00e4!<\/p>","protected":false},"author":2,"featured_media":1448,"comment_status":"closed","ping_status":"open","sticky":false,"template":"","format":"standard","meta":{"footnotes":""},"categories":[2,32],"tags":[],"class_list":["post-2568","post","type-post","status-publish","format-standard","has-post-thumbnail","hentry","category-nyheter","category-stockholm"],"_links":{"self":[{"href":"https:\/\/carelli.se\/fi\/wp-json\/wp\/v2\/posts\/2568","targetHints":{"allow":["GET"]}}],"collection":[{"href":"https:\/\/carelli.se\/fi\/wp-json\/wp\/v2\/posts"}],"about":[{"href":"https:\/\/carelli.se\/fi\/wp-json\/wp\/v2\/types\/post"}],"author":[{"embeddable":true,"href":"https:\/\/carelli.se\/fi\/wp-json\/wp\/v2\/users\/2"}],"replies":[{"embeddable":true,"href":"https:\/\/carelli.se\/fi\/wp-json\/wp\/v2\/comments?post=2568"}],"version-history":[{"count":3,"href":"https:\/\/carelli.se\/fi\/wp-json\/wp\/v2\/posts\/2568\/revisions"}],"predecessor-version":[{"id":2571,"href":"https:\/\/carelli.se\/fi\/wp-json\/wp\/v2\/posts\/2568\/revisions\/2571"}],"wp:featuredmedia":[{"embeddable":true,"href":"https:\/\/carelli.se\/fi\/wp-json\/wp\/v2\/media\/1448"}],"wp:attachment":[{"href":"https:\/\/carelli.se\/fi\/wp-json\/wp\/v2\/media?parent=2568"}],"wp:term":[{"taxonomy":"category","embeddable":true,"href":"https:\/\/carelli.se\/fi\/wp-json\/wp\/v2\/categories?post=2568"},{"taxonomy":"post_tag","embeddable":true,"href":"https:\/\/carelli.se\/fi\/wp-json\/wp\/v2\/tags?post=2568"}],"curies":[{"name":"wp","href":"https:\/\/api.w.org\/{rel}","templated":true}]}}