{"id":2698,"date":"2023-09-25T05:43:39","date_gmt":"2023-09-25T05:43:39","guid":{"rendered":"https:\/\/carelli.se\/?p=2698"},"modified":"2023-09-25T05:43:39","modified_gmt":"2023-09-25T05:43:39","slug":"hur-forberedd-ar-du-om-krisen-kommer","status":"publish","type":"post","link":"https:\/\/carelli.se\/fi\/hur-forberedd-ar-du-om-krisen-kommer\/","title":{"rendered":"Kuinka valmistautunut olet, jos kriisi tulee?\u00a0"},"content":{"rendered":"<p>T\u00e4ll\u00e4 viikolla vietet\u00e4\u00e4n valmiusviikkoa. Se on vuosittainen tiedotuskampanja, jonka tarkoituksena on lis\u00e4t\u00e4 yksityishenkil\u00f6iden tietoisuutta kriisivalmiudesta. Valmiusviikko on osa ty\u00f6t\u00e4 Ruotsin kriisivalmiuden ja kokonaispuolustuksen vahvistamiseksi.  Se on viikko, jonka aikana pys\u00e4hdyt\u00e4\u00e4n, mietit\u00e4\u00e4n ja suunnitellaan erilaisia h\u00e4t\u00e4tilanteita varten.<\/p>\n\n\n\n<p>Sana kriisi her\u00e4tt\u00e4\u00e4 erilaisia mielleyhtymi\u00e4 riippuen siit\u00e4, kuka olet. MSB:n mukaan kriisi on rauhan ajan tapahtuma, joka uhkaa perustoimintoja ja -arvoja, kuten s\u00e4hk\u00f6nsaantia, ja joka vaikuttaa suureen m\u00e4\u00e4r\u00e4\u00e4n ihmisi\u00e4. On olemassa my\u00f6s henkil\u00f6kohtaisia kriisej\u00e4, joita me kaikki kohtaamme el\u00e4m\u00e4ss\u00e4mme, kun meille sattuu vaikeita tapahtumia. Esimerkiksi kun joku rakkaamme kuolee.<\/p>\n\n\n\n<p>Avustustoiminnan alalla on sek\u00e4 suuria ett\u00e4 pieni\u00e4 kriisej\u00e4. Avustettavan henkil\u00f6n kohdalla kylm\u00e4 aalto voi tehd\u00e4 tuhojaan ja saattaa kokonaisen avustajaryhm\u00e4n toimintakyvytt\u00f6m\u00e4ksi, mik\u00e4 aiheuttaa kriisin. T\u00e4rkeint\u00e4 on, ett\u00e4 avun k\u00e4ytt\u00e4j\u00e4, avun antaja ja avustaja ovat tiimi - kykenev\u00e4t selviytym\u00e4\u00e4n eteen tulevista kriiseist\u00e4.<\/p>\n\n\n\n<p>T\u00e4m\u00e4nvuotisen valmiusviikon teemana on \"Harjoittele\". Harjoittelu on jotain, mit\u00e4 meid\u00e4n kaikkien on teht\u00e4v\u00e4 kriisitilanteessa. Siihen voi kuulua erilaisten skenaarioiden miettiminen ja sen varmistaminen, ett\u00e4 meill\u00e4 on kotona kaikki tarvittava valmius. Esimerkiksi: mit\u00e4 teet, jos s\u00e4hk\u00f6t katkeavat?<\/p>\n\n\n\n<p>Yksi organisaatiossamme tehdyist\u00e4 valmisteluista on se, ett\u00e4 aluep\u00e4\u00e4llik\u00f6t, laatukehitt\u00e4j\u00e4t ja avustajat ovat osallistuneet IFA:n (tukeen oikeutettujen eturyhm\u00e4) j\u00e4rjest\u00e4m\u00e4\u00e4n kriisity\u00f6pajakoulutukseen.<\/p>\n\n\n\n<div class=\"wp-block-columns is-layout-flex wp-container-core-columns-is-layout-9d6595d7 wp-block-columns-is-layout-flex\">\n<div class=\"wp-block-column is-layout-flow wp-block-column-is-layout-flow\" style=\"flex-basis:100%\">\n<figure class=\"wp-block-image size-full\"><img loading=\"lazy\" decoding=\"async\" width=\"768\" height=\"1024\" src=\"https:\/\/carelli.se\/wp-content\/uploads\/2023\/09\/MicrosoftTeams-image-3.jpg\" alt=\"\" class=\"wp-image-2700\" srcset=\"https:\/\/carelli.se\/wp-content\/uploads\/2023\/09\/MicrosoftTeams-image-3.jpg 768w, https:\/\/carelli.se\/wp-content\/uploads\/2023\/09\/MicrosoftTeams-image-3-225x300.jpg 225w, https:\/\/carelli.se\/wp-content\/uploads\/2023\/09\/MicrosoftTeams-image-3-100x133.jpg 100w\" sizes=\"auto, (max-width: 768px) 100vw, 768px\" \/><\/figure>\n<\/div>\n<\/div>\n\n\n\n<p><\/p>","protected":false},"excerpt":{"rendered":"<p>T\u00e4ll\u00e4 viikolla vietet\u00e4\u00e4n valmiusviikkoa. Se on vuosittainen tiedotuskampanja, jonka tarkoituksena on lis\u00e4t\u00e4 kansalaisten tietoisuutta h\u00e4t\u00e4tilanteisiin varautumisesta. Valmiusviikko on ... <\/p>\n<div><a href=\"https:\/\/carelli.se\/fi\/hur-forberedd-ar-du-om-krisen-kommer\/\" class=\"more-link\">Lue lis\u00e4\u00e4<\/a><\/div>","protected":false},"author":2,"featured_media":2701,"comment_status":"closed","ping_status":"open","sticky":false,"template":"","format":"standard","meta":{"footnotes":""},"categories":[1],"tags":[],"class_list":["post-2698","post","type-post","status-publish","format-standard","has-post-thumbnail","hentry","category-uncategorized"],"_links":{"self":[{"href":"https:\/\/carelli.se\/fi\/wp-json\/wp\/v2\/posts\/2698","targetHints":{"allow":["GET"]}}],"collection":[{"href":"https:\/\/carelli.se\/fi\/wp-json\/wp\/v2\/posts"}],"about":[{"href":"https:\/\/carelli.se\/fi\/wp-json\/wp\/v2\/types\/post"}],"author":[{"embeddable":true,"href":"https:\/\/carelli.se\/fi\/wp-json\/wp\/v2\/users\/2"}],"replies":[{"embeddable":true,"href":"https:\/\/carelli.se\/fi\/wp-json\/wp\/v2\/comments?post=2698"}],"version-history":[{"count":2,"href":"https:\/\/carelli.se\/fi\/wp-json\/wp\/v2\/posts\/2698\/revisions"}],"predecessor-version":[{"id":2703,"href":"https:\/\/carelli.se\/fi\/wp-json\/wp\/v2\/posts\/2698\/revisions\/2703"}],"wp:featuredmedia":[{"embeddable":true,"href":"https:\/\/carelli.se\/fi\/wp-json\/wp\/v2\/media\/2701"}],"wp:attachment":[{"href":"https:\/\/carelli.se\/fi\/wp-json\/wp\/v2\/media?parent=2698"}],"wp:term":[{"taxonomy":"category","embeddable":true,"href":"https:\/\/carelli.se\/fi\/wp-json\/wp\/v2\/categories?post=2698"},{"taxonomy":"post_tag","embeddable":true,"href":"https:\/\/carelli.se\/fi\/wp-json\/wp\/v2\/tags?post=2698"}],"curies":[{"name":"wp","href":"https:\/\/api.w.org\/{rel}","templated":true}]}}