{"id":2798,"date":"2023-12-08T16:34:00","date_gmt":"2023-12-08T16:34:00","guid":{"rendered":"https:\/\/carelli.se\/?p=2798"},"modified":"2023-12-11T08:49:17","modified_gmt":"2023-12-11T08:49:17","slug":"internationella-dagen-for-manskliga-rattigheter","status":"publish","type":"post","link":"https:\/\/carelli.se\/fi\/internationella-dagen-for-manskliga-rattigheter\/","title":{"rendered":"Kansainv\u00e4linen ihmisoikeuksien p\u00e4iv\u00e4"},"content":{"rendered":"<p>Kansainv\u00e4list\u00e4 ihmisoikeuksien p\u00e4iv\u00e4\u00e4 vietet\u00e4\u00e4n joka vuosi 10. joulukuuta. Se on p\u00e4iv\u00e4, jolloin<br>kiinnitt\u00e4\u00e4 huomiota YK:n ihmisoikeusjulistukseen. Ihmisoikeudet koskevat kaikkia,<br>maasta, alkuper\u00e4st\u00e4, kulttuurista, uskonnosta tai vammaisuudesta riippumatta. YK:n julistus hyv\u00e4ksyttiin 10.<br>joulukuussa 1948 YK:n yleiskokouksessa. Se perustettiin sen perusteella, ett\u00e4 toisen maailmansodan j\u00e4lkeen<br>kansainv\u00e4lisell\u00e4 tasolla oli vahva tahto p\u00e4\u00e4st\u00e4 sopimukseen oikeuksista, joita pidettiin t\u00e4rkein\u00e4.<br>olisi yleinen, mik\u00e4 ei olisi neuvoteltavissa. Julistus koostuu 30 artiklasta. Monet niist\u00e4<br>oikeudet muodostavat kansainv\u00e4lisen ihmisoikeuslains\u00e4\u00e4d\u00e4nn\u00f6n perustan.<\/p>\n\n\n\n<p>T\u00e4m\u00e4 on t\u00e4rke\u00e4 p\u00e4iv\u00e4, jolloin tunnustetaan ihmisoikeusloukkaukset kaikkialla maailmassa.<br>Ihmiset pakenevat sotaa, heit\u00e4 loukataan heid\u00e4n seksuaalisen suuntautumisensa ja sukupuolen ilmaisunsa vuoksi, ihmisi\u00e4 vainotaan.<br>heid\u00e4n uskontonsa tai poliittisen vakaumuksensa vuoksi. Se on vain murto-osa.<\/p>\n\n\n\n<p>Carellin visio on: <\/p>\n\n\n\n<p> \"<em>Huolehditaan ihmisten ja yhteiskunnan kest\u00e4v\u00e4st\u00e4 ja turvallisesta tulevaisuudesta.<\/em>\"<\/p>\n\n\n\n<p><br>Henkil\u00f6kohtainen apu on t\u00e4rke\u00e4 v\u00e4line, jonka avulla ihmiset, joilla on avuntarpeita, voivat<br>osallistua yhteis\u00f6n el\u00e4m\u00e4\u00e4n aivan kuten kaikki muutkin. Carelli Assistansilla on sopimukset suoraan avustukseen oikeutettujen kanssa.<br>mutta my\u00f6s kuntien kanssa, jotta ne voivat tarjota apuaan. T\u00e4ll\u00e4 hetkell\u00e4 Carelli tarjoaa apua<br>hieman yli 80 henkil\u00f6\u00e4 ja ty\u00f6llist\u00e4\u00e4 noin 500 henkil\u00f6\u00e4. Carelli uskoo, ett\u00e4 henkil\u00f6kohtaiset avustajat ovat<br>t\u00e4rkein voimavara, ja ty\u00f6ymp\u00e4rist\u00f6n on oltava kest\u00e4v\u00e4, jotta avustajat voivat tehd\u00e4<br>hyv\u00e4\u00e4 ty\u00f6t\u00e4 Carellin edunsaajien, mutta my\u00f6s heid\u00e4n oman hyvinvointinsa hyv\u00e4ksi.<br>Carelli on my\u00f6s p\u00e4\u00e4tt\u00e4nyt olla Ifan tukija ja tukee n\u00e4in henkil\u00f6kohtaista apua.<br>keskeiset uskomukset, jotka keskittyv\u00e4t itsem\u00e4\u00e4r\u00e4\u00e4misoikeuteen, osallistumiseen, tasa-arvoon, valintamahdollisuuksiin ja yksityisyyteen. <\/p>\n\n\n\n<p><strong>Puolusta n\u00e4it\u00e4 arvoja.<\/strong><\/p>\n\n\n<div class=\"wp-block-image\">\n<figure class=\"aligncenter size-full\"><img loading=\"lazy\" decoding=\"async\" width=\"605\" height=\"605\" src=\"https:\/\/carelli.se\/wp-content\/uploads\/2023\/12\/Carelle-1.png\" alt=\"\" class=\"wp-image-2799\" srcset=\"https:\/\/carelli.se\/wp-content\/uploads\/2023\/12\/Carelle-1.png 605w, https:\/\/carelli.se\/wp-content\/uploads\/2023\/12\/Carelle-1-300x300.png 300w, https:\/\/carelli.se\/wp-content\/uploads\/2023\/12\/Carelle-1-150x150.png 150w, https:\/\/carelli.se\/wp-content\/uploads\/2023\/12\/Carelle-1-100x100.png 100w\" sizes=\"auto, (max-width: 605px) 100vw, 605px\" \/><\/figure>\n<\/div>","protected":false},"excerpt":{"rendered":"<p>Kansainv\u00e4list\u00e4 ihmisoikeuksien p\u00e4iv\u00e4\u00e4 vietet\u00e4\u00e4n joka vuosi 10. joulukuuta. Se on p\u00e4iv\u00e4, jolloin tunnustetaan Yhdistyneiden Kansakuntien julistus ... <\/p>\n<div><a href=\"https:\/\/carelli.se\/fi\/internationella-dagen-for-manskliga-rattigheter\/\" class=\"more-link\">Lue lis\u00e4\u00e4<\/a><\/div>","protected":false},"author":2,"featured_media":2802,"comment_status":"closed","ping_status":"open","sticky":false,"template":"","format":"standard","meta":{"footnotes":""},"categories":[2],"tags":[],"class_list":["post-2798","post","type-post","status-publish","format-standard","has-post-thumbnail","hentry","category-nyheter"],"_links":{"self":[{"href":"https:\/\/carelli.se\/fi\/wp-json\/wp\/v2\/posts\/2798","targetHints":{"allow":["GET"]}}],"collection":[{"href":"https:\/\/carelli.se\/fi\/wp-json\/wp\/v2\/posts"}],"about":[{"href":"https:\/\/carelli.se\/fi\/wp-json\/wp\/v2\/types\/post"}],"author":[{"embeddable":true,"href":"https:\/\/carelli.se\/fi\/wp-json\/wp\/v2\/users\/2"}],"replies":[{"embeddable":true,"href":"https:\/\/carelli.se\/fi\/wp-json\/wp\/v2\/comments?post=2798"}],"version-history":[{"count":2,"href":"https:\/\/carelli.se\/fi\/wp-json\/wp\/v2\/posts\/2798\/revisions"}],"predecessor-version":[{"id":2804,"href":"https:\/\/carelli.se\/fi\/wp-json\/wp\/v2\/posts\/2798\/revisions\/2804"}],"wp:featuredmedia":[{"embeddable":true,"href":"https:\/\/carelli.se\/fi\/wp-json\/wp\/v2\/media\/2802"}],"wp:attachment":[{"href":"https:\/\/carelli.se\/fi\/wp-json\/wp\/v2\/media?parent=2798"}],"wp:term":[{"taxonomy":"category","embeddable":true,"href":"https:\/\/carelli.se\/fi\/wp-json\/wp\/v2\/categories?post=2798"},{"taxonomy":"post_tag","embeddable":true,"href":"https:\/\/carelli.se\/fi\/wp-json\/wp\/v2\/tags?post=2798"}],"curies":[{"name":"wp","href":"https:\/\/api.w.org\/{rel}","templated":true}]}}