{"id":3253,"date":"2025-02-07T09:45:39","date_gmt":"2025-02-07T09:45:39","guid":{"rendered":"https:\/\/carelli.se\/?p=3253"},"modified":"2025-02-07T09:45:39","modified_gmt":"2025-02-07T09:45:39","slug":"foraldraavdraget-har-halverats-vad-innebar-det","status":"publish","type":"post","link":"https:\/\/carelli.se\/fi\/foraldraavdraget-har-halverats-vad-innebar-det\/","title":{"rendered":"Vanhempien verohyvitys on puolitettu - mit\u00e4 t\u00e4m\u00e4 tarkoittaa?\u00a0"},"content":{"rendered":"<p class=\"wp-block-paragraph\">Tammikuun 1. p\u00e4iv\u00e4st\u00e4 2025 alkaen henkil\u00f6kohtaisen avun vanhempainp\u00e4iv\u00e4raha puolitettiin. Teoriassa t\u00e4m\u00e4 tarkoittaa, ett\u00e4 useammat lapset ovat oikeutettuja henkil\u00f6kohtaiseen apuun.&nbsp;<\/p>\n\n\n\n<p class=\"wp-block-paragraph\">Vanhempien v\u00e4hennys henkil\u00f6kohtaisessa avussa tarkoittaa, ett\u00e4 lapsen i\u00e4n perusteella v\u00e4hennet\u00e4\u00e4n tunteja perustarpeita arvioitaessa. Vanhempien v\u00e4hennys perustuu siihen, mik\u00e4 on \"normaali\" vanhempainvastuu. T\u00e4m\u00e4 tapahtuu vanhempainlain perusteella ja ottaen huomioon lapsen ik\u00e4 ja kehitys.<\/p>\n\n\n\n<p class=\"wp-block-paragraph\">Esimerkiksi jos t\u00e4ll\u00e4 hetkell\u00e4 2-vuotiaan lapsen perustarpeeksi arvioidaan 12 tuntia viikossa. Kun vanhempien maksuosuus on v\u00e4hennetty, lapsella on oikeus 2 tuntiin viikossa. Koska v\u00e4hennyksen j\u00e4lkeen lapsen arvioidaan tarvitsevan tukea vain kaksi tuntia perustarpeisiinsa, lapselle ei todenn\u00e4k\u00f6isesti my\u00f6nnet\u00e4 tukea. Ohjeena, jota monet kunnat noudattavat, on, ett\u00e4 perustarpeisiin tulisi olla k\u00e4ytett\u00e4viss\u00e4 v\u00e4hint\u00e4\u00e4n 7 tuntia viikossa, jotta <a href=\"https:\/\/carelli.se\/fi\/vad-innebar-personlig-assistans\/\">henkil\u00f6kohtainen apu<\/a> my\u00f6nnet\u00e4\u00e4n.<\/p>\n\n\n\n<h2 class=\"wp-block-heading\"><strong>N\u00e4it\u00e4 kiinteit\u00e4 verokantoja sovelletaan 1. tammikuuta 2025 alkaen: <\/strong><strong><\/strong><\/h2>\n\n\n\n<p class=\"wp-block-paragraph\">0-1-vuotiaista lapsista v\u00e4hennet\u00e4\u00e4n 6 tuntia p\u00e4iv\u00e4ss\u00e4 perustarpeita varten. Yhteens\u00e4 t\u00e4m\u00e4 tarkoittaa 42 tuntia vanhempien v\u00e4hennyst\u00e4 viikossa.<\/p>\n\n\n\n<p class=\"wp-block-paragraph\">1-6-vuotiaista lapsista v\u00e4hennet\u00e4\u00e4n 1 tunti ja 15 minuuttia p\u00e4iv\u00e4ss\u00e4 perustarpeisiin ja 15 minuuttia p\u00e4iv\u00e4ss\u00e4 muihin henkil\u00f6kohtaisiin tarpeisiin. Yhteens\u00e4 t\u00e4m\u00e4 tarkoittaa 10 tuntia vanhempainlomaa viikossa.&nbsp;<\/p>\n\n\n\n<p class=\"wp-block-paragraph\">7-11-vuotiaiden lasten osalta v\u00e4hennet\u00e4\u00e4n 30 minuuttia p\u00e4iv\u00e4ss\u00e4 perustarpeisiin ja 30 minuuttia p\u00e4iv\u00e4ss\u00e4 muihin henkil\u00f6kohtaisiin tarpeisiin. Yhteens\u00e4 t\u00e4m\u00e4 tarkoittaa 7 tuntia vanhempainlomaa viikossa.&nbsp;<\/p>\n\n\n\n<p class=\"wp-block-paragraph\">12-17-vuotiaiden lasten osalta v\u00e4hennet\u00e4\u00e4n 30 minuuttia p\u00e4iv\u00e4ss\u00e4 muita henkil\u00f6kohtaisia tarpeita varten. Perustarpeita ei en\u00e4\u00e4 lueta vanhempainvastuuseen. Yhteens\u00e4 t\u00e4m\u00e4 tarkoittaa 3,5 tunnin vanhempainv\u00e4hennyst\u00e4 viikossa.&nbsp;<\/p>\n\n\n\n<h2 class=\"wp-block-heading\"><strong>Apua lapsesi hakemuksen kanssa?&nbsp;<\/strong><\/h2>\n\n\n\n<p class=\"wp-block-paragraph\">Jos sinulla on lapsi, jolle on aiemmin ev\u00e4tty henkil\u00f6kohtainen apu vanhempainp\u00e4iv\u00e4rahan perusteella, voi olla syyt\u00e4 tehd\u00e4 uusi hakemus.\u00a0<\/p>\n\n\n\n<p class=\"wp-block-paragraph\">Me Carelli assistance -yrityksess\u00e4 autamme sinua mielell\u00e4mme hakemaan seuraavia palveluja <a href=\"https:\/\/carelli.se\/fi\/personligassistans\/personlig-assistans-for-barn\/\">henkil\u00f6kohtaista apua lapsellesi<\/a>. Autamme sinua my\u00f6s mielell\u00e4mme hakemaan lis\u00e4\u00e4 tunteja lapsellesi.\u00a0\u00a0<\/p>\n\n\n\n<p class=\"wp-block-paragraph\">Ota meihin yhteytt\u00e4 puhelimitse <a href=\"tel:0770-176030\">0770-176030<\/a> tai s\u00e4hk\u00f6postitse <a href=\"mailto:info@carelli.se\">info@carelli.se<\/a>\u00a0<\/p>\n\n\n\n<p class=\"wp-block-paragraph\"><\/p>","protected":false},"excerpt":{"rendered":"<p>Tammikuun 1. p\u00e4iv\u00e4st\u00e4 2025 alkaen henkil\u00f6kohtaisen avun vanhempainp\u00e4iv\u00e4raha puolitettiin. Teoriassa t\u00e4m\u00e4 tarkoittaa sit\u00e4, ett\u00e4 useammat lapset ... <\/p>\n<div><a href=\"https:\/\/carelli.se\/fi\/foraldraavdraget-har-halverats-vad-innebar-det\/\" class=\"more-link\">Lue lis\u00e4\u00e4<\/a><\/div>","protected":false},"author":2,"featured_media":3255,"comment_status":"closed","ping_status":"open","sticky":false,"template":"","format":"standard","meta":{"footnotes":""},"categories":[1],"tags":[],"class_list":["post-3253","post","type-post","status-publish","format-standard","has-post-thumbnail","hentry","category-uncategorized"],"_links":{"self":[{"href":"https:\/\/carelli.se\/fi\/wp-json\/wp\/v2\/posts\/3253","targetHints":{"allow":["GET"]}}],"collection":[{"href":"https:\/\/carelli.se\/fi\/wp-json\/wp\/v2\/posts"}],"about":[{"href":"https:\/\/carelli.se\/fi\/wp-json\/wp\/v2\/types\/post"}],"author":[{"embeddable":true,"href":"https:\/\/carelli.se\/fi\/wp-json\/wp\/v2\/users\/2"}],"replies":[{"embeddable":true,"href":"https:\/\/carelli.se\/fi\/wp-json\/wp\/v2\/comments?post=3253"}],"version-history":[{"count":3,"href":"https:\/\/carelli.se\/fi\/wp-json\/wp\/v2\/posts\/3253\/revisions"}],"predecessor-version":[{"id":3258,"href":"https:\/\/carelli.se\/fi\/wp-json\/wp\/v2\/posts\/3253\/revisions\/3258"}],"wp:featuredmedia":[{"embeddable":true,"href":"https:\/\/carelli.se\/fi\/wp-json\/wp\/v2\/media\/3255"}],"wp:attachment":[{"href":"https:\/\/carelli.se\/fi\/wp-json\/wp\/v2\/media?parent=3253"}],"wp:term":[{"taxonomy":"category","embeddable":true,"href":"https:\/\/carelli.se\/fi\/wp-json\/wp\/v2\/categories?post=3253"},{"taxonomy":"post_tag","embeddable":true,"href":"https:\/\/carelli.se\/fi\/wp-json\/wp\/v2\/tags?post=3253"}],"curies":[{"name":"wp","href":"https:\/\/api.w.org\/{rel}","templated":true}]}}